{"id":13633,"date":"2015-11-20T04:34:09","date_gmt":"2015-11-20T10:34:09","guid":{"rendered":"https:\/\/www.hungarianassociation.com\/site\/?p=13633"},"modified":"2016-10-20T04:34:29","modified_gmt":"2016-10-20T10:34:29","slug":"55th-hungarian-congress-short-program","status":"publish","type":"post","link":"https:\/\/hungarianassociation.com\/en\/2015\/55th-hungarian-congress-short-program\/","title":{"rendered":"55th HUNGARIAN CONGRESS \u2013 Short program"},"content":{"rendered":"<p style=\"text-align: center;\"><strong>English Language listing of all our programs (in Bold).<\/strong><\/p>\n<h2 style=\"text-align: center;\"><strong>2015 HUNGARIAN ASSOCIATION CONGRESS<\/strong><\/h2>\n<p style=\"text-align: center;\"><strong>Theme: \u201cHistorical Insights, Hungary and WWII\u201d<\/strong><\/p>\n<p style=\"text-align: center;\"><strong>English translations for Hungarian language sessions are available.<br \/>\n<\/strong><\/p>\n<table style=\"border-color: #000;\" border=\"1\" cellspacing=\"5\" cellpadding=\"5\">\n<tbody>\n<tr>\n<td>\n<h2 style=\"text-align: center;\"><strong>2015 November 27-29<\/strong><\/h2>\n<ul>\n<li><strong>All programs held at the Hilton Garden Inn Downtown <\/strong>1100 Carnegie Avenue, Cleveland, Ohio, 44115, USA<\/li>\n<li>For more information check our web site at: <a href=\"https:\/\/hungarianassociation.com\">www.hungarianassociation.com<\/a><\/li>\n<li>Or find us on facebook <a href=\"https:\/\/www.facebook.com\/HungarianAssociation\">https:\/\/www.facebook.com\/HungarianAssociation<\/a><\/li>\n<li>General Information after 6 pm: 216-651-4929 (Vali) or ticket information only: 440-331-0391 (Maria)<\/li>\n<\/ul>\n<\/td>\n<\/tr>\n<tr>\n<td>\n<h2 style=\"text-align: center;\"><strong>FRIDAY NOVEMBER 27, 2015<\/strong><\/h2>\n<\/td>\n<\/tr>\n<tr>\n<td><strong>10:00 <\/strong>Congress Opening: <strong>Dr. J\u00e1nos N\u00e1das<\/strong>, President, a short slide and archival footage presentation of<strong> The Cleveland Hungarian Museum&#8217;s current exhibit on the Cold War featuring the Soviet Invasion of Hungary 1944-45, produced by Ari Lazar<\/strong><\/td>\n<\/tr>\n<tr>\n<td><strong>10:15<\/strong> \u201e<strong>P\u00e1link\u00e1s J\u00f3 Reggelt\u201d \u201eTop of the Morning to You\u201d<\/strong> History and traditions of Hungarian brandy tasting, with tasting hosted by Zsolt D\u00f6m\u00f6t\u00f6rffy and Istv\u00e1n Hargitai<\/td>\n<\/tr>\n<tr>\n<td><strong>10:15<\/strong> Movie (in Hungarian): Egy \u00c9jszaka Erd\u00e9lyben featuring Szeleczky Zita<\/td>\n<\/tr>\n<tr>\n<td><strong>11:00 <\/strong>(in Hungarian) Dr. John Nadas\u2019s legacy papers revealing his opinion on the 1930 Hungarian government inner workings in the late 1930 to early 40\u2019s<\/td>\n<\/tr>\n<tr>\n<td><strong>11:30 <\/strong>(in Hungarian) Dr. D\u00e9nes M\u00e1ty\u00e1s CSU fullbright Scholar, analysis of S\u00e1ndor M\u00e1rai\u2019s: Eulogy<\/td>\n<\/tr>\n<tr>\n<td><strong>12:00 <\/strong>(in Hungarian) Hungary in WWI: Gergely B\u00f6d\u00f6k, historian PhD candidate, Mikes Kelemen Program Cleveland Coordinator<\/td>\n<\/tr>\n<tr>\n<td><strong>12:30 Hungarian Association luncheon reception <\/strong>hosted by<strong> Mrs. Mariana Somogyi<\/strong><\/td>\n<\/tr>\n<tr>\n<td><strong>2:00 <\/strong>(in Hungarian) Prof C. A. Macartney\u2019s Reflections after 1956: Botond Z\u00e1hony Clementis<\/td>\n<\/tr>\n<tr>\n<td><strong>2:30<\/strong> (in Hungarian) \u201eWe Belong Together\u201d: L\u00e1szl\u00f3 Jurk\u00f3 Sz\u00e9phalmi<\/td>\n<\/tr>\n<tr>\n<td><strong>2:30-4 <\/strong>(in Hungarian) Children\u2019s movie afternoon: \u201e\u00c1bel a rengetegben\u201d Organized by Agnes Toldy.<\/td>\n<\/tr>\n<tr>\n<td>\n<p><strong>3:00-3:30 Formal Opening: ARTISTIC EXHIBITS, BOOK EXHIBITS<\/strong>Open Friday and Saturday;<\/p>\n<p><strong>\u201eHUNGARICUM\u201d CONSIGNMENT SALES\u201d All Things Hungarian Sale: <\/strong>All Day Saturday<\/p>\n<p>Organized by<strong> Julie Ludanyi <\/strong>(Ada, OH)<strong> and Ilona Er\u0151ssy <\/strong>(Cleveland, OH)<\/td>\n<\/tr>\n<tr>\n<td style=\"text-align: center;\"><strong>Exhibit of Water Color Paintings by Emery Bogardy<\/strong><\/td>\n<\/tr>\n<tr>\n<td style=\"text-align: center;\"><strong>Exhibit of \u201e1938 Letters of resignation from by Members of the Hungarian Parliament\u201d<\/strong><\/td>\n<\/tr>\n<tr>\n<td style=\"text-align: center;\"><strong>Memorial Exhibit of \u201eHistorical works of Imre Makk\u201d<\/strong><\/td>\n<\/tr>\n<tr>\n<td style=\"text-align: center;\"><strong>WWI photographs and Wool Art exhibited by L\u00e1szl\u00f3 Jurk\u00f3 Sz\u00e9phalmi<\/strong><\/td>\n<\/tr>\n<tr>\n<td style=\"text-align: center;\"><strong>Folk Treasures of Transylvania: Elizabeth Uszkai Orosz<\/strong><\/td>\n<\/tr>\n<tr>\n<td><strong>3:30 <\/strong>(in Hungarian) Interactive Games in Hungarian \u201eThings our Parents Talked of\u201d<\/td>\n<\/tr>\n<tr>\n<td><strong>4:30 <\/strong>(in Hungarian) \u201eTransylvanian Autonomy Questions, International precedents\u201d: Eszter Herner Kov\u00e1cs<\/td>\n<\/tr>\n<tr>\n<td><strong>5:00 <\/strong>\u201e<strong><em>Transylvanian Gathering<\/em><\/strong><em>\u201d: <\/em>organized by <strong>\u00c1gnesToldy<\/strong>, Zsuzsanna Simon-Benedek and Lor\u00e1nd Csibi, review what being Transylvanian means (in Hungarian), tasting opportunities of the Foods of Transylvania<\/td>\n<\/tr>\n<tr>\n<td><strong>6:30 Cocktail Reception <\/strong>before &amp; after the<strong> \u201eLiterary &amp; Artistic program\u201d <\/strong>(cash bar)<\/td>\n<\/tr>\n<tr>\n<td><strong>The Exibit room will be open Friday till 7 pm<\/strong><\/td>\n<\/tr>\n<tr>\n<td>\n<p><strong>7:00<\/strong><\/p>\n<p><strong>Literary and Artistic Program presenting: \u201eBaroque and Bart\u00f3k\u201d<\/strong><\/p>\n<p>From Transylvania: <strong>K\u00e1lm\u00e1n Nagy<\/strong> first violinist of the Nagyv\u00e1rad philharmonic orchestra and his wife <strong>Eva Nagy<\/strong> is a flute soloist. Also featuring student Hungarian verse recitations and folk songs and music on traditional Hungarian instruments by <strong>\u00c1d\u00e1m T\u00f6r\u00f6k Dancs\u00f3<\/strong><\/p>\n<p>Tickets available at the door $10, reception to follow.<\/td>\n<\/tr>\n<tr>\n<td><strong>8:30 The Dr. Imre Lad\u00e1nyi Foundation Art Competition Exhibit and Judging<\/strong><\/td>\n<\/tr>\n<tr>\n<td><strong>8:30-10 Reception hosted by the Hungarian Association<\/strong><\/td>\n<\/tr>\n<\/tbody>\n<\/table>\n<p>&nbsp;<\/p>\n<table style=\"border-color: #000;\" border=\"1\" cellspacing=\"5\" cellpadding=\"5\">\n<tbody>\n<tr>\n<td>\n<h2 style=\"text-align: center;\"><strong>SATURDAY NOVEMBER 28, 2015<\/strong><\/h2>\n<\/td>\n<\/tr>\n<tr>\n<td><strong>9:15 <\/strong>Greetings: <strong>Dr. J\u00e1nos N\u00e1das<\/strong>, President, and Dr. Martha Pereszl\u00e9ny Pint\u00e9r, Program director<\/td>\n<\/tr>\n<tr>\n<td>9:30<strong> Book Review \u201eSchool of a Different Kind\u201d by Dr. Martha Pereszl\u00e9nyi Pinter<\/strong><\/td>\n<\/tr>\n<tr>\n<td><strong>9:30 Film: \u201eThe Consul from Bern\u201d in Hungarian with English subtitles<\/strong><\/td>\n<\/tr>\n<tr>\n<td><strong>10:00 CSU Linguistic Summer Field School Research presentation by Dr. L. Grebenyova and students,<\/strong> This study attempts to document the influence of a second language on the first language of heritage speakers and reveal language preservation processes that occur in heritage communities throughout the United States.<\/td>\n<\/tr>\n<tr>\n<td><strong>11:00 Break<\/strong><\/td>\n<\/tr>\n<tr>\n<td><strong>11:15 Forum: The future of Europe and Hungary: Refugees, Migrants, Great Migrations<\/strong>, following the ppt presentation there will be an open discussion group for English speakers<\/td>\n<\/tr>\n<tr>\n<td>\n<p><strong>12:30 Luncheon Keynote Speaker<\/strong>: <strong>S\u00e1ndor Szak\u00e1ly: \u201e Hungarian and WWII\u201d<\/strong><\/p>\n<p>The speaker will talk in Hungarian, but simultaneous translations will be available to those attending.<\/p>\n<p>Advance ticket reservation required. ($25)<\/td>\n<\/tr>\n<tr>\n<td><strong>2:00 Chronic Pain Management : Dr. Istv\u00e1n Hargitai:<\/strong><\/td>\n<\/tr>\n<tr>\n<td><strong>2:30 A History and Analysis of Hungarian Life in Columbus: Artur Allan B\u00e1rtfay<\/strong><\/td>\n<\/tr>\n<tr>\n<td><strong>2:30 Children\u2019s interactive music program followed by crafts.<\/strong><\/td>\n<\/tr>\n<tr>\n<td><strong>2:30 <\/strong>Yearly Assembly of the Knights of Saint Ladislaus (L\u00e1szl\u00f3), under leadership of v. Viktor Falk Keynote speaker: Fr. Andr\u00e1s Mezei (in Hungarian)<\/td>\n<\/tr>\n<tr>\n<td><strong>3:00 Break<\/strong><\/td>\n<\/tr>\n<tr>\n<td><strong>3:15 <\/strong>(in Hungarian) Ildiko Peller presenting Life and times of actress \u201eZita Szeleczky\u201d<\/td>\n<\/tr>\n<tr>\n<td><strong>3:45 Dr. Ferenc Szeb\u00e9nyi, Consul General Chicago: \u201eHungarian Foreign and National Policy\u201d (in hungarian, translation available on request)<\/strong><\/td>\n<\/tr>\n<tr>\n<td>\n<p><strong>6:30 pm -1:30 am GALA BANQUET AND HUNGARIAN DEBUTANTE BALL<\/strong><\/p>\n<p>Advance ticket reservations are required, see our ticket order form<\/td>\n<\/tr>\n<tr>\n<td><strong>6:30 Pre-Ball Cocktail Party(cash bar)Registration and ticket pick up<\/strong><\/td>\n<\/tr>\n<tr>\n<td>\n<p><strong>7:00 Opening Court Dance by the Cleveland Hungarian Scout Folk Ensemble, Introduction of Guests,<\/strong><\/p>\n<p><strong>Greetings: Dr. Ferenc Szeb\u00e9nyi, Consul General Chicago<\/strong><\/p>\n<p><strong>Prayer by Fr. Andr\u00e1s Mezei, Gala Dinner,<\/strong><\/p>\n<p><strong>Awarding of the \u00c1rp\u00e1d Academy Medal to our winner of 2015:<\/strong><\/p>\n<p><strong>Awarding of the Lad\u00e1nyi Foundation Art Competiton winners.<\/strong><\/p>\n<p><strong>Presentation of the Debutantes.<\/strong><\/td>\n<\/tr>\n<\/tbody>\n<\/table>\n<p>&nbsp;<\/p>\n<table style=\"border-color: #000;\" border=\"1\" cellspacing=\"5\" cellpadding=\"5\">\n<tbody>\n<tr>\n<td>\n<h2 style=\"text-align: center;\"><strong>SUNDAY NOVEMBER 29, 2015<\/strong><\/h2>\n<\/td>\n<\/tr>\n<tr>\n<td><strong>\u00c1rp\u00e1d Academy General Meeting<\/strong>: presided over by: <strong>L\u00e9lSomogyi, <\/strong>Academy Secretary General<\/td>\n<\/tr>\n<tr>\n<td><strong>9:00 <\/strong>(in Hungarian) Worship service led by visiting scholar Szabolcs Nagy<\/td>\n<\/tr>\n<tr>\n<td><strong>10:00 (<\/strong>in Hungarian) Serving in Algogy Transylvania YMCA camp: Julianne Ludanyi<\/td>\n<\/tr>\n<tr>\n<td><strong>10:30 <\/strong>(in Hungarian) Research presentation of World Values Survey. Global Cultural Ties Through Faith Security and Well Being: P\u00e9ter Szilvay<\/td>\n<\/tr>\n<tr>\n<td><strong>11:00 <\/strong>Closing Remarks<\/td>\n<\/tr>\n<\/tbody>\n<\/table>\n<p><\/p>\n","protected":false},"excerpt":{"rendered":"<p>2015 HUNGARIAN ASSOCIATION CONGRESS\u00a0Theme: \u201cHistorical Insights, Hungary and WWII\u201d<\/p>\n<p><strong>FRIDAY NOVEMBER 27, 2015<\/strong><\/p>\n<p><strong>10:00<\/strong> Congress Opening: Dr. J\u00e1nos N\u00e1das, President, a short slide and archival footage presentation of The Cleveland\u00a0Hungarian Museum&#8217;s current exhibit on the Cold War featuring the Soviet Invasion of Hungary 1944-45,<\/p>\n<p><strong>10:15<\/strong> \u201eP\u00e1link\u00e1s J\u00f3 Reggelt\u201d \u201eTop of the Morning to You\u201d History and traditions of Hungarian brandy tasting, with tasting\u00a0hosted by Zsolt D\u00f6m\u00f6t\u00f6rffy and Istv\u00e1n Hargitai\u00a0produced by Ari Lazar<\/p>\n<p><!--more--><\/p>\n","protected":false},"author":6,"featured_media":10539,"comment_status":"closed","ping_status":"closed","sticky":false,"template":"","format":"standard","meta":{"inline_featured_image":false,"ngg_post_thumbnail":0,"footnotes":""},"categories":[206,73],"tags":[329,41,320,97],"class_list":["post-13633","post","type-post","status-publish","format-standard","has-post-thumbnail","hentry","category-2015-archive","category-archive","tag-329","tag-cleveland","tag-hungarian-congress","tag-programs"],"_links":{"self":[{"href":"https:\/\/hungarianassociation.com\/en\/wp-json\/wp\/v2\/posts\/13633","targetHints":{"allow":["GET"]}}],"collection":[{"href":"https:\/\/hungarianassociation.com\/en\/wp-json\/wp\/v2\/posts"}],"about":[{"href":"https:\/\/hungarianassociation.com\/en\/wp-json\/wp\/v2\/types\/post"}],"author":[{"embeddable":true,"href":"https:\/\/hungarianassociation.com\/en\/wp-json\/wp\/v2\/users\/6"}],"replies":[{"embeddable":true,"href":"https:\/\/hungarianassociation.com\/en\/wp-json\/wp\/v2\/comments?post=13633"}],"version-history":[{"count":16,"href":"https:\/\/hungarianassociation.com\/en\/wp-json\/wp\/v2\/posts\/13633\/revisions"}],"predecessor-version":[{"id":13757,"href":"https:\/\/hungarianassociation.com\/en\/wp-json\/wp\/v2\/posts\/13633\/revisions\/13757"}],"wp:featuredmedia":[{"embeddable":true,"href":"https:\/\/hungarianassociation.com\/en\/wp-json\/wp\/v2\/media\/10539"}],"wp:attachment":[{"href":"https:\/\/hungarianassociation.com\/en\/wp-json\/wp\/v2\/media?parent=13633"}],"wp:term":[{"taxonomy":"category","embeddable":true,"href":"https:\/\/hungarianassociation.com\/en\/wp-json\/wp\/v2\/categories?post=13633"},{"taxonomy":"post_tag","embeddable":true,"href":"https:\/\/hungarianassociation.com\/en\/wp-json\/wp\/v2\/tags?post=13633"}],"curies":[{"name":"wp","href":"https:\/\/api.w.org\/{rel}","templated":true}]}}