{"id":13738,"date":"2015-11-19T16:15:24","date_gmt":"2015-11-19T22:15:24","guid":{"rendered":"https:\/\/www.hungarianassociation.com\/site\/?p=13738"},"modified":"2016-10-19T16:09:37","modified_gmt":"2016-10-19T22:09:37","slug":"55th-hungarian-congress-historical-insights-hungary-and-wwii","status":"publish","type":"post","link":"https:\/\/hungarianassociation.com\/en\/2015\/55th-hungarian-congress-historical-insights-hungary-and-wwii\/","title":{"rendered":"55th HUNGARIAN CONGRESS \u2013 Historical Insights, Hungary and WWII"},"content":{"rendered":"<h1 style=\"text-align: center;\">A Magyar T\u00e1rsas\u00e1g rendez\u00e9s\u00e9ben<\/h1>\n<hr \/>\n<h2 style=\"text-align: center;\"><strong><img decoding=\"async\" class=\"size-square_small wp-image-10537 alignright\" src=\"https:\/\/hungarianassociation.com\/wp-content\/uploads\/2015\/09\/ball_55-130x130.png\" alt=\"ball_55\" width=\"130\" height=\"130\" srcset=\"https:\/\/hungarianassociation.com\/wp-content\/uploads\/2015\/09\/ball_55-130x130.png 130w, https:\/\/hungarianassociation.com\/wp-content\/uploads\/2015\/09\/ball_55-150x150.png 150w, https:\/\/hungarianassociation.com\/wp-content\/uploads\/2015\/09\/ball_55-70x70.png 70w, https:\/\/hungarianassociation.com\/wp-content\/uploads\/2015\/09\/ball_55-45x45.png 45w\" sizes=\"(max-width: 130px) 100vw, 130px\" \/>IRODALOM \u00c9S M\u0170V\u00c9SZEST<\/strong><\/h2>\n<h2 style=\"text-align: center;\"><strong>LV. MAGYAR KONGRESSZUS<\/strong><\/h2>\n<h3><\/h3>\n<h2 style=\"text-align: center;\"><strong>\u201eHagyom\u00e1nyaink sz\u00e1llnak nemzed\u00e9kr\u0151l nemzed\u00e9kre . . .\u201d<br \/>\n<\/strong><\/h2>\n<h2><strong><img decoding=\"async\" class=\"alignleft wp-image-2447\" src=\"https:\/\/hungarianassociation.com\/wp-content\/uploads\/2014\/12\/word-image3-195x190.jpg\" alt=\"word-image\" width=\"150\" height=\"146\" srcset=\"https:\/\/hungarianassociation.com\/wp-content\/uploads\/2014\/12\/word-image3-195x190.jpg 195w, https:\/\/hungarianassociation.com\/wp-content\/uploads\/2014\/12\/word-image3-300x292.jpg 300w, https:\/\/hungarianassociation.com\/wp-content\/uploads\/2014\/12\/word-image3-45x45.jpg 45w, https:\/\/hungarianassociation.com\/wp-content\/uploads\/2014\/12\/word-image3-100x97.jpg 100w, https:\/\/hungarianassociation.com\/wp-content\/uploads\/2014\/12\/word-image3-225x219.jpg 225w, https:\/\/hungarianassociation.com\/wp-content\/uploads\/2014\/12\/word-image3.jpg 391w\" sizes=\"(max-width: 150px) 100vw, 150px\" \/>2015. november 27.<br \/>\np\u00e9nteken este 7:00 \u00d3RAI KEZD\u00c9TTEL<br \/>\n<\/strong><\/h2>\n<hr \/>\n<h3><strong>Hilton Garden Inn Cleveland Downtown, Carnegie Ballroom<br \/>\n1100 Carnegie Avenue, Cleveland, Ohio, USA 44115<\/strong><\/h3>\n<hr \/>\n<p><strong>\u00a0<\/strong><\/p>\n<h1><strong><img decoding=\"async\" class=\"wp-image-13723 size-tb_small alignleft\" src=\"https:\/\/hungarianassociation.com\/wp-content\/uploads\/2015\/11\/motivum_doc-149x195.jpg\" alt=\"\" width=\"149\" height=\"195\" srcset=\"https:\/\/hungarianassociation.com\/wp-content\/uploads\/2015\/11\/motivum_doc-149x195.jpg 149w, https:\/\/hungarianassociation.com\/wp-content\/uploads\/2015\/11\/motivum_doc-100x130.jpg 100w, https:\/\/hungarianassociation.com\/wp-content\/uploads\/2015\/11\/motivum_doc.jpg 187w\" sizes=\"(max-width: 149px) 100vw, 149px\" \/><img loading=\"lazy\" decoding=\"async\" class=\"alignright wp-image-13723 size-tb_small\" src=\"https:\/\/hungarianassociation.com\/wp-content\/uploads\/2015\/11\/motivum_doc-149x195.jpg\" alt=\"\" width=\"149\" height=\"195\" srcset=\"https:\/\/hungarianassociation.com\/wp-content\/uploads\/2015\/11\/motivum_doc-149x195.jpg 149w, https:\/\/hungarianassociation.com\/wp-content\/uploads\/2015\/11\/motivum_doc-100x130.jpg 100w, https:\/\/hungarianassociation.com\/wp-content\/uploads\/2015\/11\/motivum_doc.jpg 187w\" sizes=\"(max-width: 149px) 100vw, 149px\" \/>55. Magyar Kongressszus \u2014 T\u00e9m\u00e1ja:<\/strong><\/h1>\n<h2><strong>\u201eT\u00f6rt\u00e9nelmi visszatekint\u00e9s: Magyarorsz\u00e1g \u00e9s a II. Vil\u00e1gh\u00e1bor\u00fa\u201d<\/strong><\/h2>\n<h2><em>Main theme of the 2015 Conference:<\/em><strong><em><br \/>\n<\/em>\u201cHistorical Insights, Hungary and WWII\u201d<\/strong><\/h2>\n<p><strong>A MAGYAR T\u00c1RSAS\u00c1G TISZTIKAR TAGJAI \/ BOARD MEMBERS \u2014 2015<br \/>\n<\/strong><\/p>\n<p>D\u00f6m\u00f6t\u00f6rffy Zsolt, Er\u0151ssy Simon Ilona, dr. N\u00e1das J\u00e1nos, N\u00e1das Gabriella,<br \/>\nLud\u00e1nyi N\u00e1das Panni, M\u00e9sz\u00e1rosn\u00e9 M\u00e1ria, Pellern\u00e9 Ildik\u00f3, Pint\u00e9rn\u00e9 dr. Pereszl\u00e9nyi M\u00e1rta,<\/p>\n<p>R\u00e1toni-Nagyn\u00e9 Vali, Somogyi L\u00e9l, Toldy \u00c1gnes, Varga S\u00e1ndor<\/p>\n<p><strong>A Rendez\u0151 Bizotts\u00e1g \u00e9s Tiszti Kar szeretettel k\u00f6sz\u00f6nt minden kongresszusra \u00e9rkez\u0151 r\u00e9stvev\u0151t!<br \/>\n<em>Welcome to all !<\/em><\/strong><\/p>\n<p>K\u00e9rj\u00fck a kedves vend\u00e9geink figyelm\u00e9t: A hagyom\u00e1nyos Kongresszusi M\u0171v\u00e9szi- \u00e9s K\u00f6nyvki\u00e1ll\u00edt\u00e1s az \u201eEdison II Exhibit Hall\u201d ki\u00e1ll\u00edt\u00f3terem\u00e9ben tal\u00e1lhat\u00f3, az \u00e9p\u00fclet tuls\u00f3 v\u00e9g\u00e9ben, az el\u0151ad\u00f3 termek mellett. A ki\u00e1ll\u00edt\u00e1s a m\u0171sor megkezd\u00e9s\u00e9ig l\u00e1togathat\u00f3. (\u00c9p\u00fclet t\u00e9rk\u00e9pe a regisztr\u00e1ci\u00f3s asztal mellett tal\u00e1lhat\u00f3.)<\/p>\n<p>A rendez\u00e9s k\u00f6lts\u00e9geihez val\u00f3 hozz\u00e1j\u00e1rul\u00e1s szem\u00e9lyenk\u00e9nt 10.00 doll\u00e1r. A kiskor\u00faak \u00e9s az egyetemi hallgat\u00f3k sz\u00e1m\u00e1ra az esten val\u00f3 r\u00e9szv\u00e9tel d\u00edjmentes. Kokt\u00e9l parti (<em>cash bar<\/em>) a m\u0171sor el\u0151tt, \u00e9s a m\u0171sort k\u00f6vet\u0151en vehet\u0151 ig\u00e9nybe.<\/p>\n<p><em>Please note:<\/em> The traditional Hungarian Congress Book and Artist exhibit is in the Edison II Exhibit Hall, at the other end of the hotel confrence area, and near to the Conference meeting rooms. The exhibit hall will be open until the evening program starts. (See hotel map next to the registration table.)<\/p>\n<p><em>$10.00 at the door or pre-ordered<\/em>, children &amp; students = no charge.<br \/>\nCocktail Party (cash bar) before, and also immediately following the Program<\/p>\n<p>For the full 55th Hungarian Congress program, the speakers,<br \/>\nSaturday luncheon, and the Magyar Ball, please request a printed program or see our Internet pages.<\/p>\n<p><strong><em>Leg\u00fajabb friss\u00edt\u00e9sek \ufffc<img loading=\"lazy\" decoding=\"async\" class=\"aligncenter size-full wp-image-13716\" src=\"https:\/\/hungarianassociation.com\/wp-content\/uploads\/2015\/11\/qr_code_1.png\" alt=\"qr_code_1\" width=\"101\" height=\"101\" srcset=\"https:\/\/hungarianassociation.com\/wp-content\/uploads\/2015\/11\/qr_code_1.png 101w, https:\/\/hungarianassociation.com\/wp-content\/uploads\/2015\/11\/qr_code_1-70x70.png 70w, https:\/\/hungarianassociation.com\/wp-content\/uploads\/2015\/11\/qr_code_1-45x45.png 45w, https:\/\/hungarianassociation.com\/wp-content\/uploads\/2015\/11\/qr_code_1-100x100.png 100w\" sizes=\"(max-width: 101px) 100vw, 101px\" \/><\/em><\/strong><strong><em>\u00a0Conference updates:<img loading=\"lazy\" decoding=\"async\" class=\"size-square_small wp-image-1525 alignleft\" src=\"https:\/\/hungarianassociation.com\/wp-content\/uploads\/2014\/11\/word-image66-130x130.png\" alt=\"facebook-icon\" width=\"130\" height=\"130\" srcset=\"https:\/\/hungarianassociation.com\/wp-content\/uploads\/2014\/11\/word-image66-130x130.png 130w, https:\/\/hungarianassociation.com\/wp-content\/uploads\/2014\/11\/word-image66-70x70.png 70w, https:\/\/hungarianassociation.com\/wp-content\/uploads\/2014\/11\/word-image66-45x45.png 45w, https:\/\/hungarianassociation.com\/wp-content\/uploads\/2014\/11\/word-image66-100x100.png 100w, https:\/\/hungarianassociation.com\/wp-content\/uploads\/2014\/11\/word-image66.png 140w\" sizes=\"(max-width: 130px) 100vw, 130px\" \/><img loading=\"lazy\" decoding=\"async\" class=\"size-square_small wp-image-13717 alignright\" src=\"https:\/\/hungarianassociation.com\/wp-content\/uploads\/2015\/11\/qr_code_2-130x130.png\" alt=\"qr_code_2\" width=\"130\" height=\"130\" srcset=\"https:\/\/hungarianassociation.com\/wp-content\/uploads\/2015\/11\/qr_code_2-130x130.png 130w, https:\/\/hungarianassociation.com\/wp-content\/uploads\/2015\/11\/qr_code_2-150x150.png 150w, https:\/\/hungarianassociation.com\/wp-content\/uploads\/2015\/11\/qr_code_2-195x195.png 195w, https:\/\/hungarianassociation.com\/wp-content\/uploads\/2015\/11\/qr_code_2-70x70.png 70w, https:\/\/hungarianassociation.com\/wp-content\/uploads\/2015\/11\/qr_code_2-45x45.png 45w, https:\/\/hungarianassociation.com\/wp-content\/uploads\/2015\/11\/qr_code_2-100x100.png 100w, https:\/\/hungarianassociation.com\/wp-content\/uploads\/2015\/11\/qr_code_2.png 199w\" sizes=\"(max-width: 130px) 100vw, 130px\" \/><\/em><\/strong><\/p>\n<p><strong><em>L\u00e1togassa meg a \u201eFacebook\u201d oldalunkat is!<\/em><\/strong><\/p>\n<p><strong><em>You are cordially invited to visit us<br \/>\non Facebook too!<\/em><\/strong><\/p>\n<p><a href=\"https:\/\/www.facebook.com\/HungarianAssociation\">https:\/\/www.facebook.com\/HungarianAssociation<\/a><\/p>\n<hr \/>\n<h1><strong><br \/>\nIRODALOM \u00c9S M\u0170V\u00c9SZEST<\/strong><\/h1>\n<hr \/>\n<h1>7:00 \u00d3RAKOR &#8211; M\u0170SOR<\/h1>\n<hr \/>\n<p><em><br \/>\n<img decoding=\"async\" class=\"wp-image-13723 size-tb_small alignleft\" src=\"https:\/\/hungarianassociation.com\/wp-content\/uploads\/2015\/11\/motivum_doc-149x195.jpg\" alt=\"\" width=\"149\" height=\"195\" srcset=\"https:\/\/hungarianassociation.com\/wp-content\/uploads\/2015\/11\/motivum_doc-149x195.jpg 149w, https:\/\/hungarianassociation.com\/wp-content\/uploads\/2015\/11\/motivum_doc-100x130.jpg 100w, https:\/\/hungarianassociation.com\/wp-content\/uploads\/2015\/11\/motivum_doc.jpg 187w\" sizes=\"(max-width: 149px) 100vw, 149px\" \/>\u201eHagyom\u00e1nyaink sz\u00e1llnak nemzed\u00e9kr\u0151l nemzed\u00e9kre . . .\u201d<br \/>\n<\/em><\/p>\n<p>Jelszavunk nyom\u00e1n h\u00edvjuk \u00d6nt \u00e9s kedves csal\u00e1dj\u00e1t, valamint bar\u00e1tait a Magyar Tal\u00e1lkoz\u00f3 keret\u00e9ben megrendezett idei Irodalom \u00e9s M\u0171v\u00e9szestre, mely gazdag, v\u00e1ltozatos \u00e9lm\u00e9nyt ny\u00fajt mindenki sz\u00e1m\u00e1ra!<\/p>\n<h1><img loading=\"lazy\" decoding=\"async\" class=\"size-square_small wp-image-13718 alignleft\" src=\"https:\/\/hungarianassociation.com\/wp-content\/uploads\/2015\/11\/person_1-130x130.png\" alt=\"person_1\" width=\"130\" height=\"130\" srcset=\"https:\/\/hungarianassociation.com\/wp-content\/uploads\/2015\/11\/person_1-130x130.png 130w, https:\/\/hungarianassociation.com\/wp-content\/uploads\/2015\/11\/person_1-150x150.png 150w, https:\/\/hungarianassociation.com\/wp-content\/uploads\/2015\/11\/person_1-70x70.png 70w, https:\/\/hungarianassociation.com\/wp-content\/uploads\/2015\/11\/person_1-45x45.png 45w\" sizes=\"(max-width: 130px) 100vw, 130px\" \/><\/h1>\n<h1>M\u0170SORVEZET\u0150:<\/h1>\n<hr \/>\n<h1>Dr. N\u00e1das J\u00e1nos (Chicago, Il)<\/h1>\n<p><img loading=\"lazy\" decoding=\"async\" class=\"size-square_small wp-image-13719 alignright\" src=\"https:\/\/hungarianassociation.com\/wp-content\/uploads\/2015\/11\/dr.nadas_.janos_-130x130.png\" alt=\"dr.nadas.janos\" width=\"130\" height=\"130\" srcset=\"https:\/\/hungarianassociation.com\/wp-content\/uploads\/2015\/11\/dr.nadas_.janos_-130x130.png 130w, https:\/\/hungarianassociation.com\/wp-content\/uploads\/2015\/11\/dr.nadas_.janos_-150x150.png 150w, https:\/\/hungarianassociation.com\/wp-content\/uploads\/2015\/11\/dr.nadas_.janos_-70x70.png 70w, https:\/\/hungarianassociation.com\/wp-content\/uploads\/2015\/11\/dr.nadas_.janos_-45x45.png 45w\" sizes=\"(max-width: 130px) 100vw, 130px\" \/><\/p>\n<h1><\/h1>\n<h2>K\u00f6sz\u00f6netek, Z\u00e1r\u00f3nyilatkozat:<\/h2>\n<h2>Dr. N\u00e1das J\u00e1noS, eln\u00f6k (Canton, OH)<\/h2>\n<hr \/>\n<h1>TISZTIKARI FOGAD\u00c1S \u2014 ismerked\u0151 EST<\/h1>\n<h3>\u2014 A M\u0170SOR EL\u0150TT, \u00c9S\u00a0A\u00a0M\u0170SORT K\u00d6VET\u0150EN\u00a0KOKT\u00c9L PARTY<\/h3>\n<hr \/>\n<p>&nbsp;<\/p>\n<p><em><img loading=\"lazy\" decoding=\"async\" class=\"alignleft wp-image-13720\" src=\"https:\/\/hungarianassociation.com\/wp-content\/uploads\/2015\/11\/koktail-130x122.png\" alt=\"koktail\" width=\"85\" height=\"79\" srcset=\"https:\/\/hungarianassociation.com\/wp-content\/uploads\/2015\/11\/koktail-130x122.png 130w, https:\/\/hungarianassociation.com\/wp-content\/uploads\/2015\/11\/koktail-100x92.png 100w, https:\/\/hungarianassociation.com\/wp-content\/uploads\/2015\/11\/koktail.png 132w\" sizes=\"(max-width: 85px) 100vw, 85px\" \/><\/em><\/p>\n<p>&nbsp;<\/p>\n<p><em>[A m\u0171sor le\u00edr\u00e1sa nem teljes k\u00f6r\u0171. A m\u0171sorv\u00e1ltoz\u00e1s jog\u00e1t fenntartjuk!]<br \/>\n[K\u00e9rj\u00fck, l\u00e1togassa meg internetes oldalainkat a b\u0151vebb inform\u00e1ci\u00f3\u00e9rt.]<\/em><\/p>\n<p>&nbsp;<\/p>\n<hr \/>\n<p><img loading=\"lazy\" decoding=\"async\" class=\"alignleft wp-image-13723 size-tb_small\" src=\"https:\/\/hungarianassociation.com\/wp-content\/uploads\/2015\/11\/motivum_doc-149x195.jpg\" alt=\"motivum_doc\" width=\"149\" height=\"195\" srcset=\"https:\/\/hungarianassociation.com\/wp-content\/uploads\/2015\/11\/motivum_doc-149x195.jpg 149w, https:\/\/hungarianassociation.com\/wp-content\/uploads\/2015\/11\/motivum_doc-100x130.jpg 100w, https:\/\/hungarianassociation.com\/wp-content\/uploads\/2015\/11\/motivum_doc.jpg 187w\" sizes=\"(max-width: 149px) 100vw, 149px\" \/><img loading=\"lazy\" decoding=\"async\" class=\"alignright size-tb_small wp-image-13723\" src=\"https:\/\/hungarianassociation.com\/wp-content\/uploads\/2015\/11\/motivum_doc-149x195.jpg\" alt=\"motivum_doc\" width=\"149\" height=\"195\" srcset=\"https:\/\/hungarianassociation.com\/wp-content\/uploads\/2015\/11\/motivum_doc-149x195.jpg 149w, https:\/\/hungarianassociation.com\/wp-content\/uploads\/2015\/11\/motivum_doc-100x130.jpg 100w, https:\/\/hungarianassociation.com\/wp-content\/uploads\/2015\/11\/motivum_doc.jpg 187w\" sizes=\"(max-width: 149px) 100vw, 149px\" \/><\/p>\n<h1><strong>M\u0171sor<br \/>\n<\/strong><\/h1>\n<ul>\n<li>M\u0171sorvezet\u0151 \u2014 <strong>Dr. N\u00e1das J\u00e1nos<\/strong><\/li>\n<li>Szavalatok: clevelandi fiatalok<br \/>\nBevezet\u0151k\u00e9nt, t\u00e1mogatjuk a <strong>clevelandi Magyar Iskola di\u00e1kjait<\/strong>,\u00a0valamint a <strong>clevelandi cserk\u00e9szeket, <\/strong>akik erd\u00e9lyi vers csokorral l\u00e9pnek fel a m\u0171v\u00e9sz esten.<\/li>\n<\/ul>\n<p><strong><em>Szerepl\u0151k:<\/em><\/strong><\/p>\n<p><strong>Csiszer Zolika <\/strong>\u2013 5 \u00e9ves<\/p>\n<p>K\u00e1ny\u00e1di S\u00e1ndor: <em>\u201eEz a t\u00e9l\u201d<\/em><\/p>\n<p><strong>Toldy Dani \u00e9s Toldy Samu <\/strong>\u2013 9 \u00e9vesek<\/p>\n<p>Dsida Jen\u0151: \u201e<em>A Gyermek d\u00edcs\u00e9rete\u201d<\/em><\/p>\n<p><strong>\u00a0<\/strong><\/p>\n<p><strong>Payne Emilia\u00a0<\/strong>\u2013 11 \u00e9ves<\/p>\n<p>Rem\u00e9nyik S\u00e1ndor: \u201e<em>\u00dczenet egy repatri\u00e1l\u00f3 vonat ut\u00e1n\u201d<\/em><\/p>\n<p><strong>Toldy M\u00e1t\u00e9<\/strong> \u2013 13 \u00e9ves<\/p>\n<p>Wass Albert:\u00a0 \u201e\u00dczenet haza\u201d<\/p>\n<p><strong>T\u00f6r\u00f6k Dancs\u00f3 \u00c1d\u00e1m, <\/strong>vajdas\u00e1gb\u00f3l \u00e9rkezett vend\u00e9g\u00fcnk, jelenleg a K\u0151r\u00f6si Csoma S\u00e1ndor clevelandi \u00f6szt\u00f6nd\u00edjasa, vajdas\u00e1gi, pal\u00f3c, \u00e9s moldvai cs\u00e1ng\u00f3 n\u00e9pdalok\u00e1t ad el\u0151.<\/p>\n<ol>\n<li><em>Vajdas\u00e1gi n\u00e9pdalok citer\u00e1n<\/em><\/li>\n<li><em>P\u00e1l Pista b\u00e1csi n\u00f3t\u00e1i (Pal\u00f3c)<\/em><\/li>\n<li><em>Juhos \u00e9s rom\u00e1nca kavalon (Moldva)<\/em><\/li>\n<\/ol>\n<h2><strong>\u201eBarokk \u00e9s Bart\u00f3k\u201d<\/strong><\/h2>\n<p>Erd\u00e9lyi vend\u00e9gszerepl\u0151k, <strong>Nagy K\u00e1lm\u00e1n, <\/strong>a nagyv\u00e1radi \u00c1llami Filharm\u00f3nia koncertmestere, Kamerata Michael Haydn kamarazenekar megalap\u00edt\u00f3ja, koncertmestere \u00e9s m\u0171v\u00e9szeti vezet\u0151je, \u00e9s feles\u00e9ge <strong>Nagy \u00c9va, <\/strong>a nagyv\u00e1radi \u00c1llami Filharm\u00f3nia sz\u00f3l\u00f3 fuvol\u00e1sa. El\u0151ad\u00e1sukban klasszikus gy\u00f6ngyszemeket \u00e9s kedvelt n\u00e9pi \u00e9s m\u0171dalokat sz\u00f3laltatnak meg.<\/p>\n<p>1.\u00a0\u00a0\u00a0\u00a0\u00a0 R\u00e9gi sz\u00e9kely himnusz-Bart\u00f3k B\u00e9la: Este a sz\u00e9kelyekn\u00e9l (heged\u0171-\u00e9nek)<\/p>\n<p>2.\u00a0\u00a0\u00a0\u00a0\u00a0 Georg Philipp Telemann: I. Szon\u00e1ta, D-d\u00far (heged\u0171-fuvola)<\/p>\n<p>3.\u00a0\u00a0\u00a0\u00a0\u00a0 Johann Sebastian Bach: Partita I, Sarabande \u00e9s Double (heged\u0171)<\/p>\n<p>4.\u00a0\u00a0\u00a0\u00a0\u00a0 Georg Philipp Telemann: II. Szon\u00e1ta, G-d\u00far (heged\u0171-fuvola)<\/p>\n<p>5.\u00a0\u00a0\u00a0\u00a0\u00a0 Marin Marais: Les Folies d\u2019Espagne (fuvola)<\/p>\n<p>6.\u00a0\u00a0\u00a0\u00a0\u00a0 Bart\u00f3k B\u00e9la: v\u00e1logat\u00e1s a 44 heged\u0171 du\u00f3b\u00f3l (heged\u0171-fuvola \u00e1tiratba, \u00e9nek)<\/p>\n<p>7.\u00a0\u00a0\u00a0\u00a0\u00a0 Gyere be, gyere be-Ha \u00e9n r\u00f3zsa voln\u00e9k (magyar n\u00e9pdal-Br\u00f3dy J\u00e1nos, git\u00e1r, \u00e9nek)<\/p>\n<p>8.\u00a0\u00a0\u00a0\u00a0\u00a0 Cs\u00e1ng\u00f3 himnusz (heged\u0171-\u00e9nek)<\/p>\n<ul>\n<li>K\u00f6sz\u00f6netek, z\u00e1r\u00f3nyilatkozat \u2014 <strong>Dr. N\u00e1das J\u00e1nos<\/strong>, eln\u00f6k<\/li>\n<\/ul>\n<p><em>[A m\u0171sor le\u00edr\u00e1sa nem teljes k\u00f6r\u0171. A m\u0171sorv\u00e1ltoz\u00e1s jog\u00e1t fenntartjuk!]<br \/>\n[K\u00e9rj\u00fck, l\u00e1togassa meg internetes oldalainkat a b\u0151vebb inform\u00e1ci\u00f3\u00e9rt.]<\/em><\/p>\n<hr \/>\n<h1><img loading=\"lazy\" decoding=\"async\" class=\"alignleft size-tb_small wp-image-13723\" src=\"https:\/\/hungarianassociation.com\/wp-content\/uploads\/2015\/11\/motivum_doc-149x195.jpg\" alt=\"motivum_doc\" width=\"149\" height=\"195\" srcset=\"https:\/\/hungarianassociation.com\/wp-content\/uploads\/2015\/11\/motivum_doc-149x195.jpg 149w, https:\/\/hungarianassociation.com\/wp-content\/uploads\/2015\/11\/motivum_doc-100x130.jpg 100w, https:\/\/hungarianassociation.com\/wp-content\/uploads\/2015\/11\/motivum_doc.jpg 187w\" sizes=\"(max-width: 149px) 100vw, 149px\" \/><img loading=\"lazy\" decoding=\"async\" class=\"alignright size-tb_small wp-image-13723\" src=\"https:\/\/hungarianassociation.com\/wp-content\/uploads\/2015\/11\/motivum_doc-149x195.jpg\" alt=\"motivum_doc\" width=\"149\" height=\"195\" srcset=\"https:\/\/hungarianassociation.com\/wp-content\/uploads\/2015\/11\/motivum_doc-149x195.jpg 149w, https:\/\/hungarianassociation.com\/wp-content\/uploads\/2015\/11\/motivum_doc-100x130.jpg 100w, https:\/\/hungarianassociation.com\/wp-content\/uploads\/2015\/11\/motivum_doc.jpg 187w\" sizes=\"(max-width: 149px) 100vw, 149px\" \/><strong><br \/>\nLiterary and Artistic PROGRAM<\/strong><\/h1>\n<p>Host \u2014 <strong>Dr. J\u00e1nos N\u00e1das<\/strong><\/p>\n<p>Poetry recitations from works by Transylvanian authors,<br \/>\nby students from the Cleveland Hungarian School<br \/>\nand Cleveland Hungarian Scouts<\/p>\n<p><strong>Performers:<\/strong><\/p>\n<table class=\" aligncenter\">\n<tbody>\n<tr>\n<td>\n<p><strong>Zolika Csiszer <\/strong>\u2013 5 years old<\/p>\n<p>K\u00e1ny\u00e1di S\u00e1ndor: <em>\u201eEz a t\u00e9l\u201d<\/em><\/p>\n<p><strong>Dani and Samu Toldy <\/strong>\u2013 9 years old<\/p>\n<p>Dsida Jen\u0151: \u201e<em>A Gyermek d\u00edcs\u00e9rete\u201d<\/em><\/td>\n<td>\n<p><strong>Emilia Payne <\/strong>\u2013 11 years old<\/p>\n<p>Rem\u00e9nyik S\u00e1ndor: \u201e<em>\u00dczenet egy repatri\u00e1l\u00f3 vonat ut\u00e1n\u201d<\/em><\/p>\n<p><strong>Mat\u00e9 Toldy <\/strong>\u2013 13 years old<\/p>\n<p>Wass Albert:\u00a0 \u201e\u00dczenet haza\u201d<\/td>\n<\/tr>\n<\/tbody>\n<\/table>\n<p><strong>\u00c1d\u00e1m T\u00f6r\u00f6k Dancs\u00f3<\/strong>, our guest from Vojvodina, currently Cleveland area K\u0151r\u00f6si Csoma S\u00e1ndor scholarship recipient, performs Hungarian folksongs:<\/p>\n<ol>\n<li><em>Folksongs from the \u201cVajdas\u00e1g\u201d [Vojvodina], zither accompaniment<\/em><\/li>\n<li><em>\u201cP\u00e1l Pista b\u00e1csi n\u00f3t\u00e1i,\u201d Songs of Uncle Pista P\u00e1l, from the Hungarian Pal\u00f3c shepherd people<\/em><\/li>\n<li><em>\u201cJuhos &amp; rom\u00e1nca\u201d dances from Moldavia, played on the Moldavian kaval [flute]<\/em><\/li>\n<\/ol>\n<h2><strong>\u201cBaroque and Bart\u00f3k\u201d<\/strong><\/h2>\n<p>The 55th Hungarian Congress presents <strong>K\u00e1lm\u00e1n and \u00c9va Nagy<\/strong>, talented young musicians from Transylvania, to perform a repertoire spanning classical music genre to popular Hungarian folk music. <strong>K\u00e1lm\u00e1n Nagy<\/strong> is the first violinist of the Nagyv\u00e1rad philharmonic orchestra and his wife <strong>\u00c9va Nagy<\/strong> is a flute soloist. \u00c9va just received her doctorate degree in music from the Liszt Ferenc Academy in Budapest. They will be performing duets, solos and \u00c9va will give a vocal performance.<\/p>\n<ol>\n<li>Ancient Sz\u00e9kely national anthem-B\u00e9la Bart\u00f3k: Evening with the Sz\u00e9kely People (violin-vocals)<\/li>\n<li>Georg Philipp Telemann: I. Sonata, D-major (violin-flute)<\/li>\n<li>Johann Sebastian Bach: Partita I, Sarabande &amp; Double (violin)<\/li>\n<li>Georg Philipp Telemann: II. Sonata, G-major (violin-flute)<\/li>\n<li>Marin Marais: Les Folies d\u2019Espagne (flute)<\/li>\n<li>B\u00e9la Bart\u00f3k: Selections from 44 violin duets (violin-flute adaptations, vocals)<\/li>\n<li>Hungarian folksongs arranged by J\u00e1nos Br\u00f3dy:<br \/>\n<em>\u201cGyere be, gyere be-Ha \u00e9n r\u00f3zsa voln\u00e9k\u201d<\/em> (guitar, vocals)<\/li>\n<li>Cs\u00e1ng\u00f3 national anthem (violin-vocals)<\/li>\n<\/ol>\n<p>Acknowledgements, closing remarks \u2014 <strong>Dr. John N\u00e1das<\/strong>, president<\/p>\n<p><em>[Program subject to change. Please also consult our webpages for any updates.]<\/em><\/p>\n<hr \/>\n<h1>A M\u0170V\u00c9SZEKR\u0150L \/ ABOUT THE PERFORMERS<\/h1>\n<table>\n<tbody>\n<tr>\n<td>\n<h2><strong>Nagy K\u00e1lm\u00e1n<\/strong><\/h2>\n<p><strong>heged\u0171m\u0171v\u00e9sz<\/strong><\/td>\n<td>\n<h2><strong>Nagy \u00c9va<\/strong><\/h2>\n<p><strong>fuvolam\u0171v\u00e9sz<\/strong><\/td>\n<\/tr>\n<tr>\n<td>\n<p><strong><img loading=\"lazy\" decoding=\"async\" class=\"alignleft size-tb_small wp-image-13724\" src=\"https:\/\/hungarianassociation.com\/wp-content\/uploads\/2015\/11\/nagy.kalman-168x195.png\" alt=\"nagy.kalman\" width=\"168\" height=\"195\" srcset=\"https:\/\/hungarianassociation.com\/wp-content\/uploads\/2015\/11\/nagy.kalman-168x195.png 168w, https:\/\/hungarianassociation.com\/wp-content\/uploads\/2015\/11\/nagy.kalman-259x300.png 259w, https:\/\/hungarianassociation.com\/wp-content\/uploads\/2015\/11\/nagy.kalman-100x116.png 100w, https:\/\/hungarianassociation.com\/wp-content\/uploads\/2015\/11\/nagy.kalman-225x261.png 225w, https:\/\/hungarianassociation.com\/wp-content\/uploads\/2015\/11\/nagy.kalman.png 333w\" sizes=\"(max-width: 168px) 100vw, 168px\" \/>Nagy K\u00e1lm\u00e1n<\/strong> 1984-ben sz\u00fcletett Marosv\u00e1s\u00e1rhelyen. Zenei tanulm\u00e1nyait sz\u00fcl\u0151v\u00e1ros\u00e1ban kezdte Ol\u00e1h M\u00e1ria majd Bartha Lajos tan\u00e1rok vezet\u00e9s\u00e9vel. 2002-ben felv\u00e9telt nyert a kolozsv\u00e1ri Gh. Dima Zeneakad\u00e9mi\u00e1ra, Dorina Mangra oszt\u00e1ly\u00e1ba. 2006-ban diplom\u00e1zott ugyanitt.<\/p>\n<p>2003-t\u00f3l a kolozsv\u00e1ri \u201eTransilvania\u201d \u00c1llami Filharm\u00f3nia heged\u0171se, valamint koncertmestere a kolozsv\u00e1ri \u201eClassica\u201d zenekarnak.<\/p>\n<p>Tagja a Sz\u00e9kelyf\u00f6ldi Filharm\u00f3ni\u00e1nak, a Camerata Romanica valamint a Noua Transilvania kamarazenekaroknak.<\/p>\n<ul>\n<li>2011-2013-ig a kolozsv\u00e1ri \u201eGh. Dima\u201d Zeneakad\u00e9mia magiszteri hallgat\u00f3ja, Maior Valeriu oszt\u00e1ly\u00e1ban.<\/li>\n<li>2012-t\u0151l tagja a London Bucharest Fesztiv\u00e1l zenekarnak.<\/li>\n<li>2012-2013-ig a budapesti Dohn\u00e1nyi zenekar heged\u0171se.<\/li>\n<li>2013-t\u00f3l a Nagyv\u00e1radi \u00e1llami filharm\u00f3nia koncertmestere.<\/li>\n<li>2015-ben Nagyv\u00e1radon megalap\u00edtja a Kamerata Michael Haydn kamarazenekart, amelynek koncertmestere \u00e9s m\u0171v\u00e9szeti vezet\u0151je.<\/li>\n<\/ul>\n<p>Nemzetk\u00f6zileg elismert zen\u00e9szek mesterkurzusainak r\u00e9sztvev\u0151je: Gorjan Kosuta, Ruha Istv\u00e1n, Ferenc G\u00e1bor, Klaus Maetzl stb.<\/p>\n<p>Sz\u00f3listak\u00e9nt t\u00f6bbsz\u00f6r fell\u00e9pett a Marosv\u00e1s\u00e1rhelyi, Nagyv\u00e1radi, Szatm\u00e1rn\u00e9meti, Sz\u00e9kelyudvarhelyi filharm\u00f3ni\u00e1k \u00e9l\u00e9n, valamint a Kolozsv\u00e1ri Camerata Romanica kamarazenekarral, egy\u00fcttm\u0171k\u00f6d\u00f6tt Shinya Ozaki, Ilarion Ionescu Galati, Christoph Cech, Octav Calleya, Florentin Mihaescu, Bodurian Aram, Novak Stefan karmesterekkel.<\/p>\n<p>Nev\u00e9hez f\u0171z\u0151dik Ferdinand Weiss: Fant\u00e1zia heged\u0171re \u00e9s zenekarra c\u00edm\u0171 m\u0171v\u00e9nek vil\u00e1gpremierje, amelyb\u0151l lemezfelv\u00e9tel is k\u00e9sz\u00fclt az Als\u00f3-Ausztriai Zeneszerz\u0151k sz\u00f6vets\u00e9g\u00e9nek (INOCK) t\u00e1mogat\u00e1s\u00e1val.<\/p>\n<p>R\u00e9szt vett t\u00f6bb \u00edzben a bukaresti \u201eGeorge Enescu\u201d, a marosv\u00e1s\u00e1rhelyi \u201eMusica Sacra\u201d \u00e9s a kolozsv\u00e1ri \u201eToamna Muzicala\u201d fesztiv\u00e1lokon, valamint koncertezett Magyarorsz\u00e1gon, Ausztri\u00e1ban, Sv\u00e1jcban, N\u00e9metorsz\u00e1gban, Hollandi\u00e1ban, Spanyolorsz\u00e1gban, Gibralt\u00e1rban, Franciaorsz\u00e1gban \u00e9s Belgiumban.<\/td>\n<td>\n<p><strong><img loading=\"lazy\" decoding=\"async\" class=\"alignleft size-tb_small wp-image-4990\" src=\"https:\/\/hungarianassociation.com\/wp-content\/uploads\/2015\/06\/Nagy-Eva-130x195.jpg\" alt=\"Nagy Eva\" width=\"130\" height=\"195\" srcset=\"https:\/\/hungarianassociation.com\/wp-content\/uploads\/2015\/06\/Nagy-Eva-130x195.jpg 130w, https:\/\/hungarianassociation.com\/wp-content\/uploads\/2015\/06\/Nagy-Eva-200x300.jpg 200w, https:\/\/hungarianassociation.com\/wp-content\/uploads\/2015\/06\/Nagy-Eva-620x929.jpg 620w, https:\/\/hungarianassociation.com\/wp-content\/uploads\/2015\/06\/Nagy-Eva-100x150.jpg 100w, https:\/\/hungarianassociation.com\/wp-content\/uploads\/2015\/06\/Nagy-Eva-225x337.jpg 225w, https:\/\/hungarianassociation.com\/wp-content\/uploads\/2015\/06\/Nagy-Eva.jpg 641w\" sizes=\"(max-width: 130px) 100vw, 130px\" \/>Nagy \u00c9va<\/strong> 1982-ben sz\u00fcletett Sz\u00e9kelyudvarhelyen.<\/p>\n<p>Zenei tanulm\u00e1nyait 1995-ben, a Pall\u00f3 Imre Zene \u00e9s K\u00e9pz\u0151m\u0171v\u00e9szeti Szakl\u00edceumban kezdi, fuvola szakon.<\/p>\n<p>2001-t\u0151l a kolozsv\u00e1ri Gheorghe Dima Zeneakad\u00e9mia hallgat\u00f3ja, Gavril Costea professzor \u00far oszt\u00e1ly\u00e1ban.<\/p>\n<p>R\u00e9szt vesz t\u00f6bb hazai \u00e9s nemzetk\u00f6zi versenyen, 2005-ben elnyerte a Ploiesti-i Orsz\u00e1gos Fuvolaverseny f\u0151d\u00edj\u00e1t, valamint Ilarion Ionescu Galati k\u00fcl\u00f6nd\u00edj\u00e1t.<\/p>\n<p>2006-ban \u00f6szt\u00f6nd\u00edjasa a budapesti Liszt Ferenc Zeneakad\u00e9mi\u00e1nak, Kov\u00e1cs L\u00f3r\u00e1nt ir\u00e1ny\u00edt\u00e1s\u00e1val.<\/p>\n<p>2008-ban \u00e9s 2013-ban a Communitas Alap\u00edtv\u00e1ny alkot\u00f3i \u00f6szt\u00f6nd\u00edj\u00e1ban r\u00e9szes\u00fcl, ut\u00f3bbin\u00e1l a kisgyermekkori zenei nevel\u00e9sben v\u00e9ghezvitt munk\u00e1j\u00e1\u00e9rt.<\/p>\n<p>Fuvol\u00e1s \u00e9s pikol\u00f3s sz\u00f3listak\u00e9nt t\u00f6bb hazai zenekarral koncertezett valamint r\u00e9szt vett t\u00f6bb \u00edzben a bukaresti \u201eGeorge Enescu\u201d, a marosv\u00e1s\u00e1rhelyi ,,Harmonia Cordis\u201d \u00e9s a kolozsv\u00e1ri \u201eToamna Muzicala\u201d fesztiv\u00e1lokon.<\/p>\n<p>Fuvol\u00e1s mesterkurzusok \u00e1lland\u00f3 r\u00e9sztvev\u0151je (Emily Beynon-Hollandia, Ittz\u00e9s Gergely-Magyarorsz\u00e1g, B\u00e1lint J\u00e1nos-Magyarorsz\u00e1g, Andrea Kolle-Sv\u00e1jc, Adorj\u00e1n Andr\u00e1s- N\u00e9metorsz\u00e1g).<\/p>\n<p>A pikol\u00f3 tanulm\u00e1nyoz\u00e1s\u00e1t magiszteri k\u00e9pz\u00e9se alatt kezdte, 2006-ban.<\/p>\n<p>2007-t\u0151l a kolozsv\u00e1ri \u201eTransilvania\u201d Filharm\u00f3nia fuvolist\u00e1ja \u00e9s sz\u00f3l\u00f3 pikol\u00f3sa, valamint k\u00f6zrem\u0171k\u00f6dik a Sz\u00e9kelyf\u00f6ldi Filharm\u00f3nia zenekar\u00e1val is.<\/p>\n<p>2010-t\u0151l a Kolozsv\u00e1ri Zeneakad\u00e9mia doktorandusz hallgat\u00f3ja, vezet\u0151 tan\u00e1ra Dr. Angi Istv\u00e1n professzor \u00far, kutat\u00e1s\u00e1nak t\u00e1rgya a pikol\u00f3 szerepe a kort\u00e1rs zen\u00e9ben.<\/p>\n<p>2012-2013-ban a budapesti Liszt Ferenc Zenem\u0171v\u00e9szeti Egyetem \u00f6szt\u00f6nd\u00edjas hallgat\u00f3ja, doktori tanulm\u00e1nyait B\u00e1lint J\u00e1nos fuvolam\u0171v\u00e9sz ir\u00e1ny\u00edtja.<\/p>\n<p>2014-ben ,,Summa cum laude\u201d min\u0151s\u00edt\u00e9ssel megv\u00e9di doktori dolgozat\u00e1t \u00e9s elnyeri a zenem\u0171v\u00e9szetek doktora titulust.<\/p>\n<p>2013-t\u00f3l a Nagyv\u00e1radi \u00c1llami Filharm\u00f3nia sz\u00f3l\u00f3 fuvol\u00e1sa.<\/td>\n<\/tr>\n<tr>\n<td colspan=\"2\"><strong><img loading=\"lazy\" decoding=\"async\" class=\"aligncenter size-grid_4 wp-image-4991\" src=\"https:\/\/hungarianassociation.com\/wp-content\/uploads\/2015\/06\/Nagy-Kalman-320x200.jpg\" alt=\"Nagy Kalman\" width=\"320\" height=\"200\" srcset=\"https:\/\/hungarianassociation.com\/wp-content\/uploads\/2015\/06\/Nagy-Kalman-320x200.jpg 320w, https:\/\/hungarianassociation.com\/wp-content\/uploads\/2015\/06\/Nagy-Kalman-564x350.jpg 564w, https:\/\/hungarianassociation.com\/wp-content\/uploads\/2015\/06\/Nagy-Kalman-200x125.jpg 200w, https:\/\/hungarianassociation.com\/wp-content\/uploads\/2015\/06\/Nagy-Kalman-240x150.jpg 240w, https:\/\/hungarianassociation.com\/wp-content\/uploads\/2015\/06\/Nagy-Kalman-472x295.jpg 472w\" sizes=\"(max-width: 320px) 100vw, 320px\" \/><\/strong><\/td>\n<\/tr>\n<tr>\n<td colspan=\"2\">\n<h2>\u00a0\u00a0Direct from Transylvania<\/h2>\n<p><img loading=\"lazy\" decoding=\"async\" class=\"alignleft wp-image-13725 size-grid_6\" src=\"https:\/\/hungarianassociation.com\/wp-content\/uploads\/2015\/11\/kalman.eva_nagy-472x295.png\" alt=\"kalman.eva_nagy\" width=\"472\" height=\"295\" srcset=\"https:\/\/hungarianassociation.com\/wp-content\/uploads\/2015\/11\/kalman.eva_nagy-472x295.png 472w, https:\/\/hungarianassociation.com\/wp-content\/uploads\/2015\/11\/kalman.eva_nagy-200x125.png 200w, https:\/\/hungarianassociation.com\/wp-content\/uploads\/2015\/11\/kalman.eva_nagy-240x150.png 240w, https:\/\/hungarianassociation.com\/wp-content\/uploads\/2015\/11\/kalman.eva_nagy-320x200.png 320w\" sizes=\"(max-width: 472px) 100vw, 472px\" \/><\/p>\n<p>The 55th Hungarian Congress presents <strong>K\u00e1lm\u00e1n and \u00c9va Nagy<\/strong>, talented young musicians from Transylvania, to perform a repertoire spanning classical music genre to popular Hungarian folk music. <strong>K\u00e1lm\u00e1n Nagy<\/strong> is the first violinist of the Nagyv\u00e1rad philharmonic orchestra and his wife <strong>\u00c9va Nagy<\/strong> is a flute soloist. Eva just received her doctorate degree in music from the Liszt Ferenc Academy in Budapest. They will be performing duets, solos and \u00c9va will give a vocal performance.<\/td>\n<\/tr>\n<tr>\n<td>\u00a0<strong><br \/>\n<img loading=\"lazy\" decoding=\"async\" class=\"alignleft wp-image-13726 size-square_small\" src=\"https:\/\/hungarianassociation.com\/wp-content\/uploads\/2015\/11\/hungarian.school-130x130.png\" alt=\"hungarian.school\" width=\"130\" height=\"130\" srcset=\"https:\/\/hungarianassociation.com\/wp-content\/uploads\/2015\/11\/hungarian.school-130x130.png 130w, https:\/\/hungarianassociation.com\/wp-content\/uploads\/2015\/11\/hungarian.school-150x150.png 150w, https:\/\/hungarianassociation.com\/wp-content\/uploads\/2015\/11\/hungarian.school-70x70.png 70w, https:\/\/hungarianassociation.com\/wp-content\/uploads\/2015\/11\/hungarian.school-45x45.png 45w\" sizes=\"(max-width: 130px) 100vw, 130px\" \/>Szavalatok: Clevelandi fiatalok<\/strong>Bevezet\u0151k\u00e9nt, t\u00e1mogatjuk a <strong>clevelandi Magyar Iskola di\u00e1kjait<\/strong>, valamint a <strong>clevelandi cserk\u00e9szeket<\/strong>, akik erd\u00e9lyi vers csokorral fognak fell\u00e9pni a m\u0171v\u00e9sz esten.<\/td>\n<td><img loading=\"lazy\" decoding=\"async\" class=\"alignright size-full wp-image-13727\" src=\"https:\/\/hungarianassociation.com\/wp-content\/uploads\/2015\/11\/symbol.png\" alt=\"symbol\" width=\"87\" height=\"106\" \/>Poetry recitations from works by Transylvanian authors, by <strong>students from the Cleveland Hungarian School<\/strong> and from the <strong>Cleveland Hungarian Scout troops.<\/strong><\/td>\n<\/tr>\n<tr>\n<td><strong><br \/>\n<img loading=\"lazy\" decoding=\"async\" class=\"alignright size-full wp-image-13729\" src=\"https:\/\/hungarianassociation.com\/wp-content\/uploads\/2015\/11\/torok.dancso.png\" alt=\"torok.dancso\" width=\"236\" height=\"236\" srcset=\"https:\/\/hungarianassociation.com\/wp-content\/uploads\/2015\/11\/torok.dancso.png 236w, https:\/\/hungarianassociation.com\/wp-content\/uploads\/2015\/11\/torok.dancso-150x150.png 150w, https:\/\/hungarianassociation.com\/wp-content\/uploads\/2015\/11\/torok.dancso-195x195.png 195w, https:\/\/hungarianassociation.com\/wp-content\/uploads\/2015\/11\/torok.dancso-130x130.png 130w, https:\/\/hungarianassociation.com\/wp-content\/uploads\/2015\/11\/torok.dancso-70x70.png 70w, https:\/\/hungarianassociation.com\/wp-content\/uploads\/2015\/11\/torok.dancso-45x45.png 45w, https:\/\/hungarianassociation.com\/wp-content\/uploads\/2015\/11\/torok.dancso-100x100.png 100w, https:\/\/hungarianassociation.com\/wp-content\/uploads\/2015\/11\/torok.dancso-225x225.png 225w\" sizes=\"(max-width: 236px) 100vw, 236px\" \/>T\u00f6r\u00f6k Dancs\u00f3 \u00c1d\u00e1m<\/strong>, vajdas\u00e1gb\u00f3l \u00e9rkezett vend\u00e9g\u00fcnk, jelenleg a K\u0151r\u00f6si Csoma S\u00e1ndor clevelandi \u00f6szt\u00f6nd\u00edjasa, vajdas\u00e1gi pal\u00f3c, \u00e9s moldvai cs\u00e1ng\u00f3 n\u00e9pdalokat j\u00e1tszik citer\u00e1n, furuly\u00e1n, \u00e9s kavalon.<\/td>\n<td><strong>\u00c1d\u00e1m T\u00f6r\u00f6k Dancs\u00f3<\/strong>, our guest from Vojvodina, currently Cleveland area K\u0151r\u00f6si Csoma S\u00e1ndor scholarship recipient, will perform Hungarian folksongs from the Carpathian basin and accompany himself on various folk instruments.<\/td>\n<\/tr>\n<tr>\n<td>\n<p><img loading=\"lazy\" decoding=\"async\" class=\"alignleft size-medium wp-image-13730\" src=\"https:\/\/hungarianassociation.com\/wp-content\/uploads\/2015\/11\/torok.dancso.fuvola-253x300.png\" alt=\"torok.dancso.fuvola\" width=\"253\" height=\"300\" srcset=\"https:\/\/hungarianassociation.com\/wp-content\/uploads\/2015\/11\/torok.dancso.fuvola-253x300.png 253w, https:\/\/hungarianassociation.com\/wp-content\/uploads\/2015\/11\/torok.dancso.fuvola-165x195.png 165w, https:\/\/hungarianassociation.com\/wp-content\/uploads\/2015\/11\/torok.dancso.fuvola-100x118.png 100w, https:\/\/hungarianassociation.com\/wp-content\/uploads\/2015\/11\/torok.dancso.fuvola-225x267.png 225w, https:\/\/hungarianassociation.com\/wp-content\/uploads\/2015\/11\/torok.dancso.fuvola.png 379w\" sizes=\"(max-width: 253px) 100vw, 253px\" \/>\u201cMy name is <strong>\u00c1d\u00e1m T\u00f6r\u00f6k Dancs\u00f3. <\/strong>I was born May 6, 1990, in Zenta, Vojvodina, now Serbia. I have two sisters Tilla and Flora. I finished primary school in Ada, and then went to the Economy and Commercial High School in Zenta. I earned a college degree from the Budapest Business School, majoring in economics.I was brought up in a household with folk art, learning my first folk songs from my mother. I attended the Vadvir\u00e1g Hagyom\u00e1ny\u00e1pol\u00f3 K\u00f6r in Ada for 15 years. I learned folk dance and folk music there and I have been teaching flute for young children since I was 14 years old.<\/p>\n<p>My two sisters and I have a band. In 2010, we attended the 100<sup>th <\/sup>Jubilee Scouting in New York state and the ITT-OTT Conference in Ohio. Our band debued in other places such as Kossuth House in Washington D.C., in New Jersey, in Connecticut and in Toledo.<\/p>\n<p>In 2015, the T\u00f6r\u00f6k Testv\u00e9rek Band CD appeared. It was published as \u201cNaphasad\u00e1s &#8211; Birth of the sun.\u201d It is our own version of folk music.<\/p>\n<p>In June 2015, we participated in \u201cThe Spirit of Tengri\u201d International Folk Festival in Kazahtsan, Almaty, representing Hungary. We also participated in the first Norway-Hungarian Gastro, Literature and Folk Festival.<\/p>\n<p>Right now, I am an intern in Cleveland with the K\u0151r\u00f6si Csoma S\u00e1ndor Program (KCSP) until May, 2016. I have a dream to organize the second T\u00f6r\u00f6k Testv\u00e9rek concert tour which would contribute to the strengthening of the Hungarian identity in Hungarian Americans. They would appreciate all your support.\u201d<\/td>\n<td>\n<p><strong>T\u00f6r\u00f6k Dancs\u00f3 \u00c1d\u00e1m<\/strong> 1990. m\u00e1jus 6-\u00e1n sz\u00fcletett Zent\u00e1n, a Vajdas\u00e1gban. K\u00e9t n\u0151v\u00e9re Tilla \u00e9s Fl\u00f3ra. \u00c1d\u00e1m az \u00c1ltal\u00e1nos Iskol\u00e1t Ad\u00e1n, a k\u00f6z\u00e9piskol\u00e1t Zent\u00e1n, a K\u00f6zgazdas\u00e1gi \u00e9s Kereskedelmi K\u00f6z\u00e9piskol\u00e1ban v\u00e9gezte. K\u00f6zgazd\u00e1sz, diplom\u00e1j\u00e1t a Budapesti Gazdas\u00e1gi F\u0151iskola gazd\u00e1lkod\u00e1si \u00e9s menedzsment szak\u00e1n szerezte. Projektmenedzsmentb\u0151l \u00edrt szakdolgozata jeles (5) oszt\u00e1lyzatot \u00e9rdemelt.<\/p>\n<p>\u00c1d\u00e1m gyermekkora \u00f3ta a magyar n\u00e9phagyom\u00e1nyok k\u00f6r\u00e9ben nevelkedett, els\u0151 n\u00e9pdalait \u00e9desanyj\u00e1t\u00f3l tanulta. Ad\u00e1n, a Vadvir\u00e1g Hagyom\u00e1ny\u00e1pol\u00f3 K\u00f6rben n\u00e9pt\u00e1ncot, n\u00e9pzen\u00e9t tanult, m\u00e1r 14 \u00e9ves kor\u00e1t\u00f3l furuly\u00e1t oktatott a fiatalabbaknak. T\u00f6bbsz\u00f6ri gy\u0151ztese a vajdas\u00e1gi Sz\u00f3lj, S\u00edp, Sz\u00f3lj n\u00e9pzenei vet\u00e9lked\u0151nek, 2006-ban a bonyh\u00e1di N\u00e9pzenei Tal\u00e1lkoz\u00f3n kiemelt n\u00ed\u00f3d\u00edjban r\u00e9szes\u00edtett\u00e9k. Testv\u00e9reivel 2010-ben m\u00e1r j\u00e1rt az Egyes\u00fclt \u00c1llamokban, a 100. Jubileumi cserk\u00e9szt\u00e1borban \u00e9s az ITT-OTT tal\u00e1lkoz\u00f3n mutatkozhattak be. T\u00f6bb helysz\u00ednen koncerteztek, mint a washingtoni Kossuth H\u00e1zban, New Jerseyben, Connecticutban.<\/p>\n<p>A T\u00f6r\u00f6k Testv\u00e9rek 2015 m\u00e1jus\u00e1ban adt\u00e1k ki \u201eNaphasad\u00e1s \u2013 Birth of the sun\u201d c\u00edm\u0171 n\u00e9pzenei lemez\u00fcket, melyen autentikus n\u00e9pzen\u00e9t j\u00e1tszanak saj\u00e1t \u00f6tleteikkel f\u0171szerezve.<\/p>\n<p>2015 j\u00fanius\u00e1ban, Kazahszt\u00e1nban, Almatiban a \u201eThe Spirit of Tengri\u201d nemzetk\u00f6zi folkfesztiv\u00e1lon k\u00e9pviselt\u00e9k Magyarorsz\u00e1got.<\/p>\n<p>Szint\u00e9n 2015-ben Norv\u00e9gi\u00e1ban vend\u00e9gszerepeltek az I. Magyar \u2013 Norv\u00e9g gasztro, irodalmi \u00e9s folk fesztiv\u00e1lon.<\/p>\n<p>\u00c1d\u00e1m jelenleg a K\u0151r\u00f6si Csoma S\u00e1ndor clevelandi \u00f6szt\u00f6nd\u00edjasa, az USA-ban 2016 m\u00e1jus\u00e1ig marad. Tervei k\u00f6z\u00f6tt szerepel, hogy megszervezze a m\u00e1sodik T\u00f6r\u00f6k Testv\u00e9rek koncertturn\u00e9t, ezzel is hozz\u00e1seg\u00edtve az Amerik\u00e1ban \u00e9l\u0151 magyars\u00e1g meger\u0151s\u00edt\u00e9s\u00e9t saj\u00e1t gy\u00f6kereihez. Ehhez b\u00e1rmi jelleg\u0171 t\u00e1mogat\u00e1st sz\u00edvesen fogadnak.<\/td>\n<\/tr>\n<\/tbody>\n<\/table>\n<hr \/>\n<ul>\n<li>Ahagyom\u00e1nyos Kongresszusi M\u0171v\u00e9szi- \u00e9s K\u00f6nyvki\u00e1ll\u00edt\u00e1s az EDISON II ki\u00e1ll\u00edt\u00f3term\u00e9ben\u00a0tal\u00e1lhat\u00f3, az \u00e9p\u00fclet t\u00fals\u00f3 v\u00e9g\u00e9ben, az el\u0151ad\u00f3 termek mellett. L\u00e1togathat\u00f3 a m\u0171sor el\u0151tt.<\/li>\n<li>The traditional Hungarian Congress Book and Artist exhibit is in the EDISON II exhibit hall, at the other end of the hotel conference hallways, and near to the Congress meeting rooms. The exhibit hall will be open before the program and reopen on Saturday morning.<\/li>\n<\/ul>\n<hr \/>\n<h1>KI\u00c1LL\u00cdT\u00d3K \u2013 EXHIBITORS<\/h1>\n<table>\n<tbody>\n<tr>\n<td><strong>\u00a7 Bog\u00e1rdy Imre <\/strong>(Cleveland, OH):<br \/>\nAkvarell ki\u00e1ll\u00edt\u00e1s<\/td>\n<td>Watercolor Paintings by <strong>Emery Bog\u00e1rdy<br \/>\n<\/strong>(Cleveland, OH):<\/td>\n<\/tr>\n<tr>\n<td><strong>\u00a7 Makk Imre<\/strong> <strong>\u2020<\/strong>, az utols\u00f3 \u00c1rp\u00e1d Akad\u00e9mia m\u0171v\u00e9sz oszt\u00e1lyvezet\u0151je (Honolulu, HI): \u201eEml\u00e9kki\u00e1ll\u00edt\u00e1s\u201d<\/td>\n<td><strong>Memorial Exhibit in Honor of Imre Makk \u2020,<\/strong> (Honolulu, HI): \u201cEvents That Changed the Course of History in Hungary\u201d<\/td>\n<\/tr>\n<tr>\n<td><strong>\u00a7 Lud\u00e1nyi N\u00e1das Panni <\/strong>(Ada, OH): K\u00f6nyvki\u00e1ll\u00edt\u00e1s<\/td>\n<td>Hungarian Book Display &amp; Sales, arranged by<strong><br \/>\nJulie N\u00e1das Lud\u00e1nyi <\/strong>(Ada, OH)<\/td>\n<\/tr>\n<tr>\n<td><strong>\u00a7<\/strong> <strong>Oroszn\u00e9 Uszkai Erzs\u00e9bet<\/strong> (Cleveland, OH): \u201eErd\u00e9ly n\u00e9pm\u0171v\u00e9szet\u00e9nek \u00e9rt\u00e9kei<\/td>\n<td>Exhibit on \u201cFolk Treasures of Transylvania\u201d by <strong>Erzs\u00e9bet Uszkai Orosz <\/strong>(Cleveland, OH)<\/td>\n<\/tr>\n<tr>\n<td><strong>\u00a7<\/strong> <strong>Sz\u00e9phalmi Jurk\u00f3 L\u00e1szl\u00f3, miskolci iparm\u0171v\u00e9sz: <\/strong>Megeml\u00e9kez\u00e9s f\u00e9nyk\u00e9peken kereszt\u00fcl az I. vil\u00e1gh\u00e1bor\u00fa f\u0151bb esem\u00e9nyeir\u0151l \u00e9s a magyar h\u0151si halottakr\u00f3l<\/td>\n<td>Photo exhibit of WWI Hungarian Soldiers by Hungarian Artist,<strong> L\u00e1szl\u00f3 Sz\u00e9phalmi Jurk\u00f3<\/strong> from Miskolc. Exhibit also includes etchings and wool paintings<\/td>\n<\/tr>\n<tr>\n<td><strong>\u00a7 1938<\/strong>-ban 62 k\u00e9pvisel\u0151 kil\u00e9pett a korm\u00e1nyp\u00e1rtb\u00f3l \u00e9s ezzel megbuktatta a minisztereln\u00f6k h\u00e1zszab\u00e1ly m\u00f3dos\u00edt\u00e1s\u00e1t<strong>. Dr. N\u00e1das J\u00e1nos <\/strong>hagyat\u00e9k\u00e1ban megtal\u00e1lt <strong>kil\u00e9p\u0151 levelek<\/strong> m\u00e1s\u00e1nak ki\u00e1ll\u00edt\u00e1sa<\/td>\n<td><strong>Resignation letters of 1938<\/strong>: 62 conservative members of the Hungarian government resigned objecting to proposed constitutional amendments which would have paved the way to a dictatorship. Copies of original letters found in <strong>Dr. J\u00e1nos N\u00e1das\u2019s library<\/strong> will be displayed.<\/td>\n<\/tr>\n<\/tbody>\n<\/table>\n<table class=\" aligncenter\">\n<tbody>\n<tr>\n<td>A ki\u00e1ll\u00edt\u00f3k n\u00e9vsora nem teljes k\u00f6r\u0171.<\/td>\n<td>List of exhibitors may be incomplete as of this printing.<\/td>\n<\/tr>\n<\/tbody>\n<\/table>\n<p><em>\u00a0<\/em><\/p>\n<table class=\" aligncenter\">\n<tbody>\n<tr>\n<td>\n<p><img loading=\"lazy\" decoding=\"async\" class=\"alignleft size-tb_small wp-image-13723\" src=\"https:\/\/hungarianassociation.com\/wp-content\/uploads\/2015\/11\/motivum_doc-149x195.jpg\" alt=\"motivum_doc\" width=\"149\" height=\"195\" srcset=\"https:\/\/hungarianassociation.com\/wp-content\/uploads\/2015\/11\/motivum_doc-149x195.jpg 149w, https:\/\/hungarianassociation.com\/wp-content\/uploads\/2015\/11\/motivum_doc-100x130.jpg 100w, https:\/\/hungarianassociation.com\/wp-content\/uploads\/2015\/11\/motivum_doc.jpg 187w\" sizes=\"(max-width: 149px) 100vw, 149px\" \/><strong>P\u00e9ntek \/ Friday<\/strong><\/p>\n<p>8:30 pm, or immediately<br \/>\nfollowing the Literary and Ar\ufffctistic program<\/p>\n<p>Terem \/ Room:<br \/>\nCarnegie Ballroom prefunction area<\/td>\n<td>YOUNG ADULT<br \/>\nART EXHIBIT AND RECEPTION<\/p>\n<p>The Dr. Imre Lad\u00e1nyi Foundation<br \/>\nArtistic Competition:<br \/>\ndisplay &amp; judging<\/td>\n<\/tr>\n<\/tbody>\n<\/table>\n<table class=\" aligncenter\">\n<tbody>\n<tr>\n<td><img loading=\"lazy\" decoding=\"async\" class=\"alignright size-tb_small wp-image-13723\" src=\"https:\/\/hungarianassociation.com\/wp-content\/uploads\/2015\/11\/motivum_doc-149x195.jpg\" alt=\"motivum_doc\" width=\"149\" height=\"195\" srcset=\"https:\/\/hungarianassociation.com\/wp-content\/uploads\/2015\/11\/motivum_doc-149x195.jpg 149w, https:\/\/hungarianassociation.com\/wp-content\/uploads\/2015\/11\/motivum_doc-100x130.jpg 100w, https:\/\/hungarianassociation.com\/wp-content\/uploads\/2015\/11\/motivum_doc.jpg 187w\" sizes=\"(max-width: 149px) 100vw, 149px\" \/>Some Young Adult Art exhibits will be on display<br \/>\nbefore and after the Literary and Artistic Program.However, we invite you to see the full Book &amp; Artist<br \/>\ndisplay in the exhibit hall during the Congress.<\/td>\n<\/tr>\n<\/tbody>\n<\/table>\n<hr \/>\n<h1><strong><em>Erd\u00e9lyi vers csokrok, \u00e9s el\u0151ad\u00f3ik:<\/em><\/strong><\/h1>\n<h2><strong>Csiszer Zolika <\/strong>\u2013 5 \u00e9ves<br \/>\nK\u00e1ny\u00e1di S\u00e1ndor: <em>\u201eEz a t\u00e9l<\/em><\/h2>\n<p>Ez a t\u00e9l, nem is t\u00e9l,<br \/>\na h\u00f3 csak pilink\u00e9l.<br \/>\nHullna m\u00e1r, hullna b\u00e1r!<br \/>\nMeztelen a hat\u00e1r.<br \/>\nCsak a d\u00e9r, csak a k\u00f6d<br \/>\nbor\u00edt r\u00e1 leped\u0151t.<br \/>\nM\u00e9teres bunda-h\u00f3,<br \/>\naz volna, volna j\u00f3.<br \/>\nL\u00e1m tegnap hullatott<br \/>\nvalami keveset.<br \/>\nReggelre sz\u00e9tr\u00fagt\u00e1k<br \/>\nazt is a verebek.<\/p>\n<h2><strong>Toldy Dani es Toldy Samu <\/strong>\u2013 9 \u00e9vesek<br \/>\nDsida Jen\u0151: \u201e<em>A Gyermek d\u00edcs\u00e9rete\u201d<\/em><\/h2>\n<p>Ti m\u00e1r nem hozhattok j\u00f3h\u00edrt nekem.<br \/>\nAmi j\u00f3 van, magamt\u00f3l megtal\u00e1ltam<br \/>\naz erd\u0151kben, hol sok-sok este h\u00e1ltam<br \/>\n&#8211; s keresztel\u0151\u00a0J\u00e1nosk\u00e9nt h\u00edrdetem.<\/p>\n<p>Most j\u00e1rok h\u00f3ban \u00e9s hal\u00e1lra v\u00e1ltan,<br \/>\n\u00e1m ez sz\u00e1momra boldog k\u00ednt terem;<br \/>\na h\u00f3fuv\u00e1sban gyakran hirtelen<br \/>\ncsak t\u00e9rdre hullok: Gyermeket tal\u00e1ltam!<\/p>\n<p>Goromba \u00e1gak az arcomba vernek,<br \/>\nde \u00e9n megyek tov\u00e1bb, egy kis haranggal<br \/>\nviszem a dr\u00e1ga h\u00edrt az embereknek:<\/p>\n<p>Bennem van, \u00edme, cseng\u0151\u00a0\u00e9s harangdal<br \/>\n\u00e9s bennem van a legnagyobb, a Gyermek &#8211;<br \/>\na f\u00e9nyes j\u00e1szol s valamennyi angyal.<\/p>\n<h2><strong>Payne Emilia <\/strong>\u2013 11\u00a0\u00e9ves<br \/>\nRem\u00e9nyik S\u00e1ndor: <em>\u201e\u00dczenet egy repatri\u00e1l\u00f3 vonat ut\u00e1na\u201d<\/em><\/h2>\n<p>Hova hullnak a hull\u00f3 csillagok?<br \/>\nA sz\u00e9trobbant vil\u00e1g<br \/>\nF\u00e9nyatomjai hova hullanak?<br \/>\nErd\u0151\u00a0f\u00f6l\u00e9?<br \/>\nMez\u0151\u00a0f\u00f6l\u00e9?<br \/>\nPatak f\u00f6l\u00e9?<br \/>\nTenger f\u00f6l\u00e9?<br \/>\nMi a jelszavuk:<br \/>\n<em>Soha?\u00a0<\/em>&#8211; Vagy:\u00a0<em>mind\u00f6r\u00f6kk\u00e9?!<\/em><\/p>\n<p>Itt,<br \/>\nVagy a K\u00f6r\u00f6s partj\u00e1n,<br \/>\nVagy a T\u00e1tra t\u00f6v\u00e9n,<br \/>\nA magyar puszt\u00e1n,<br \/>\nVagy Amerik\u00e1ban,<br \/>\nZ\u00fag\u00f3 v\u00e1rosban,<br \/>\nCs\u00f6ndes\u00a0\u0150rhegyen,<br \/>\nSz\u00e9tsz\u00f3rva sz\u00e1zfele<br \/>\nA v\u00e9gtelen vil\u00e1gba,<br \/>\nAk\u00e1rhol lesz\u00fcnk:<br \/>\nMi egy\u00fctt lesz\u00fcnk.<br \/>\nS egym\u00e1s fel\u00e9 fut sz\u00edveinknek \u00e1lma.<\/p>\n<p><em>1920 augusztus 18<\/em><\/p>\n<h2><strong>Toldy M\u00e1t\u00e9<\/strong> \u2013 13 \u00e9ves<br \/>\nWass Albert: <em>\u201e\u00dczenet haza<\/em>\u201d<\/h2>\n<p>\u00dczenem az otthoni hegyeknek:<br \/>\na csillagok j\u00e1r\u00e1sa v\u00e1ltoz\u00f3.<br \/>\n\u00c9s t\u00f6rv\u00e9nyei vannak a szeleknek,<br \/>\nes\u0151nek, h\u00f3nak, fellegeknek,<br \/>\n\u00e9s nincs bor\u00fa, \u00f6r\u00f6kk\u00e9val\u00f3.<br \/>\nA v\u00edz szalad, a k\u0151\u00a0marad,<br \/>\na k\u0151\u00a0marad&#8230;<\/p>\n<p>\u00dczenem a f\u00f6ldnek: csak teremjen,<br \/>\nha s\u00e1ska is r\u00e1gja le vet\u00e9s\u00e9t,<br \/>\nha vakond t\u00farja is gy\u00f6keret.<br \/>\nA vil\u00e1g f\u00f6l\u00f6tt\u00a0\u0151rk\u00f6dik a Rend,<br \/>\ns nem v\u00e9sz magja a nemes gabon\u00e1nak,<br \/>\nde h\u00edre sem lesz egykor a csal\u00e1nnak.<br \/>\nA v\u00edz szalad, a k\u0151\u00a0marad,<br \/>\na k\u0151\u00a0marad&#8230;<\/p>\n<p>\u00dczenem az erd\u0151nek: ne f\u00e9ljen,<br \/>\nha csattog is a balt\u00e1sok hada.<br \/>\nMert er\u0151sebb a balt\u00e1n\u00e1l a fa,<br \/>\ns a v\u00e9rz\u0151\u00a0csonkb\u00f3l virrad\u00f3 tavaszon,<br \/>\n\u00dajra erd\u0151\u00a0sarjad gy\u0151zedelmesen.<br \/>\nS m\u00e9g mindig lesznek f\u00e1k, mikor a rozsda<br \/>\na gyilkos vasat r\u00e9g felfalta m\u00e1r<br \/>\ns a s\u00fajt\u00f3 k\u00e9z is szent j\u00f3v\u00e1t\u00e9tellel<br \/>\nhasznos anyagg\u00e1 v\u00e1lt a f\u00f6ld alatt..<br \/>\n.A v\u00edz szalad, a k\u0151\u00a0marad,<br \/>\na k\u0151\u00a0marad&#8230;<\/p>\n<p>\u00dczenem a h\u00e1znak, mely f\u00f6lnevelt:<br \/>\nha egyenl\u0151v\u00e9 teszik is a f\u00f6lddel,<br \/>\nnemzed\u00e9knek\u00a0\u0151rv\u00e1lt\u00e1sain<br \/>\nj\u00f6nnek majd \u00fajra boldog \u00e9p\u00edt\u0151k,<br \/>\n\u00e9s ki\u00e1ss\u00e1k a fundamentumot,<br \/>\ns az erk\u00f6lcs\u00a0\u0151si h\u00f3feh\u00e9r k\u00f6v\u00e9re<br \/>\nemelnek falat, tet\u0151t, templomot.<\/p>\n<p>J\u00f6n ezer \u00faj K\u0151m\u00edves Kelemen,<br \/>\nki nem habarccsal \u00e9s nem emberv\u00e9rrel<br \/>\nk\u00f6ti meg a b\u00e9kess\u00e9g fal\u00e1t,<br \/>\nde szentelt v\u00edzzel \u00e9s b\u00fazakeny\u00e9rrel,<br \/>\n\u00e9s \u00e9p\u00edt r\u00e9gi k\u0151b\u0151l \u00faj haz\u00e1t.<\/p>\n<p>\u00dczenem a h\u00e1znak, mely f\u00f6lnevelt:<br \/>\na fundamentum Istent\u0151l val\u00f3,<br \/>\n\u00e9s Istent\u0151I val\u00f3 az akarat,<br \/>\nmely \u00fajra \u00e9p\u00edti a falakat.<br \/>\nA v\u00edz szalad, de a k\u00f5 marad,<br \/>\na k\u0151\u00a0marad&#8230;<\/p>\n<p>\u00c9s \u00fczenem volt bar\u00e1taimnak,<br \/>\nkik megtagadj\u00e1k ma nevemet:<br \/>\nha fordul egyet \u00fajra a ker\u00e9k,<br \/>\n\u00e9n akkor bar\u00e1tjuk leszek,<br \/>\n\u00e9s nem lesz bossz\u00fa, gy\u0171l\u00f6let, harag.<br \/>\nKezet ny\u00fajtunk egym\u00e1snak, \u00e9s megy\u00fcnk,<br \/>\n\u00e9s lesz\u00fcnk Egy C\u00e9l \u00e9s Egy Akarat:<br \/>\na v\u00edz szalad, de a k\u0151\u00a0marad,<br \/>\na k\u0151\u00a0marad&#8230;<\/p>\n<p>\u00c9s \u00fczenem mindenkinek,<br \/>\ntestv\u00e9rnek, rokonnak, idegennek,<br \/>\ngonosznak, j\u00f3nak,<br \/>\nh\u0171s\u00e9gesnek \u00e9s al\u00e1val\u00f3nak,<br \/>\nannak, akit a f\u00e1j\u00e1s\u00a0\u0171z, \u00e9s annak<br \/>\nkinek kez\u00e9hez v\u00e9rcs\u00f6ppek tapadnak:<br \/>\nvigy\u00e1zzatok \u00e9s im\u00e1dkozzatok!<br \/>\nValahol fenn a magas \u00e9g alatt<br \/>\nmozdulnak m\u00e1r lassan a csillagok,<br \/>\ns a v\u00edz szalad, \u00e9s csak a k\u0151\u00a0marad,<br \/>\na k\u0151\u00a0marad&#8230;<\/p>\n<p>Maradnak igazak \u00e9s j\u00f3k,<br \/>\na tiszt\u00e1k \u00e9s b\u00e9kess\u00e9gesek,<br \/>\nerd\u0151k, hegyek, tanok \u00e9s emberek.<br \/>\nJ\u00f3l gondolja meg, ki mit cselekszik!<\/p>\n<p>Likasztj\u00e1k m\u00e1r f\u00f6nn az \u00e9gben a rost\u00e1t,<br \/>\ns a csillagok tengely\u00e9t olajozz\u00e1k<br \/>\nszorgalmas angyalok.<br \/>\n\u00c9s l\u00e9szen csillagfordul\u00e1s megint,<br \/>\n\u00e9s mik\u00e9nt hirdeti a Biblia:<br \/>\nmegm\u00e9retik az embernek fia,<br \/>\ns ki mint vetett, azonk\u00e9ppen arat,<br \/>\nmert elfut a v\u00edz, \u00e9s csak a k\u0151\u00a0marad,<br \/>\nde a k\u0151\u00a0marad.<\/p>\n<table class=\" aligncenter\">\n<tbody>\n<tr>\n<td><strong><img decoding=\"async\" src=\"https:\/\/ha.knighthosting.hu\/wp-content\/uploads\/2015\/11\/word-image18.jpg\" alt=\"\\\\kermit\\home$\\mpereszlenyi\\Downloads\\HIF logo (2).jpg\" \/><\/strong><\/td>\n<td>\n<p><strong>The Hungarian Association thanks<\/strong><\/p>\n<p><strong>The Hungary Initiatives Foundation<br \/>\nfor their generous support of this evening.<\/strong><\/td>\n<\/tr>\n<\/tbody>\n<\/table>\n<p><\/p>\n","protected":false},"excerpt":{"rendered":"<p>Main theme of the 2015 Conference:<br \/>\n\u201cHistorical Insights, Hungary and WWII\u201d<\/p>\n<p>For the full 55th Hungarian Congress program, the speakers,\u00a0Saturday luncheon, and the Magyar Ball, please request a printed program or see our Internet pages.<\/p>\n","protected":false},"author":6,"featured_media":2453,"comment_status":"closed","ping_status":"closed","sticky":false,"template":"","format":"standard","meta":{"inline_featured_image":false,"ngg_post_thumbnail":0,"footnotes":""},"categories":[206],"tags":[329,61,320],"class_list":["post-13738","post","type-post","status-publish","format-standard","has-post-thumbnail","hentry","category-2015-archive","tag-329","tag-artistic-exhibits","tag-hungarian-congress"],"_links":{"self":[{"href":"https:\/\/hungarianassociation.com\/en\/wp-json\/wp\/v2\/posts\/13738","targetHints":{"allow":["GET"]}}],"collection":[{"href":"https:\/\/hungarianassociation.com\/en\/wp-json\/wp\/v2\/posts"}],"about":[{"href":"https:\/\/hungarianassociation.com\/en\/wp-json\/wp\/v2\/types\/post"}],"author":[{"embeddable":true,"href":"https:\/\/hungarianassociation.com\/en\/wp-json\/wp\/v2\/users\/6"}],"replies":[{"embeddable":true,"href":"https:\/\/hungarianassociation.com\/en\/wp-json\/wp\/v2\/comments?post=13738"}],"version-history":[{"count":1,"href":"https:\/\/hungarianassociation.com\/en\/wp-json\/wp\/v2\/posts\/13738\/revisions"}],"predecessor-version":[{"id":13739,"href":"https:\/\/hungarianassociation.com\/en\/wp-json\/wp\/v2\/posts\/13738\/revisions\/13739"}],"wp:featuredmedia":[{"embeddable":true,"href":"https:\/\/hungarianassociation.com\/en\/wp-json\/wp\/v2\/media\/2453"}],"wp:attachment":[{"href":"https:\/\/hungarianassociation.com\/en\/wp-json\/wp\/v2\/media?parent=13738"}],"wp:term":[{"taxonomy":"category","embeddable":true,"href":"https:\/\/hungarianassociation.com\/en\/wp-json\/wp\/v2\/categories?post=13738"},{"taxonomy":"post_tag","embeddable":true,"href":"https:\/\/hungarianassociation.com\/en\/wp-json\/wp\/v2\/tags?post=13738"}],"curies":[{"name":"wp","href":"https:\/\/api.w.org\/{rel}","templated":true}]}}