{"id":1471,"date":"2010-11-16T16:43:21","date_gmt":"2010-11-16T22:43:21","guid":{"rendered":"https:\/\/www.hungarianassociation.com\/site\/?p=1471"},"modified":"2014-11-26T20:52:47","modified_gmt":"2014-11-27T02:52:47","slug":"the-50th-hungarian-congress-films","status":"publish","type":"post","link":"https:\/\/hungarianassociation.com\/en\/2010\/the-50th-hungarian-congress-films\/","title":{"rendered":"The 50th Hungarian Congress &#8211; Films"},"content":{"rendered":"<h3 style=\"text-align: center;\">About the FILMS shown at the 2010 Hungarian Congress<\/h3>\n<p>&nbsp;<\/p>\n<p>&nbsp;<\/p>\n<h4>Friday, November 26<\/h4>\n<p>&nbsp;<\/p>\n<p>10:00 am-12:00 pm\u00a0<strong>Sin and Innocence. Chats with B\u00e9la Bizsku.<\/strong><\/p>\n<p><a href=\"https:\/\/hungarianassociation.com\/wp-content\/uploads\/2014\/11\/skarbskinovak.bmp\"><img decoding=\"async\" class=\"size-full wp-image-1472 alignleft\" src=\"https:\/\/hungarianassociation.com\/wp-content\/uploads\/2014\/11\/skarbskinovak.bmp\" alt=\"skarbskinovak\" width=\"220\" height=\"141\" \/><\/a>Two young film producers,<strong> Fruzsina Skrabski<\/strong> and <strong>Tam\u00e1s Nov\u00e1k<\/strong>, try to answer the question, does a major communist-socialist political leader who helped put down the 1956 Hungarian Revolution, have any regrets for his actions, and would he be willing to apologize to the Hungarian people, who suffered greatly from his actions?<\/p>\n<p>&nbsp;<\/p>\n<p>&nbsp;<\/p>\n<p>&nbsp;<\/p>\n<p>1:30-4:00 pm <b>The Bridgeman<\/b><\/p>\n<p>This epic takes place between 1820 and 1860<a href=\"https:\/\/hungarianassociation.com\/wp-content\/uploads\/2014\/11\/H\u00eddember.bmp\"><img fetchpriority=\"high\" decoding=\"async\" class=\"size-full wp-image-1458 alignright\" src=\"https:\/\/hungarianassociation.com\/wp-content\/uploads\/2014\/11\/H\u00eddember.bmp\" alt=\"H\u00eddember\" width=\"298\" height=\"205\" \/><\/a> during the Habsburg Monarchy, and portrays the life one of the greatest Hungarian aristocrats &#8211; Count Sz\u00e9chenyi. Fidesz and Viktor Orb\u00e1n, the party&#8217;s leader and prime minister had supported the making of the film financially and ideologically.<\/p>\n<p>&nbsp;<\/p>\n<p>&nbsp;<\/p>\n<p>&nbsp;<\/p>\n<p>&nbsp;<\/p>\n<p>4:00-5:00 pm\u00a0<strong>\u00c1V\u00d3sok<\/strong><\/p>\n<p>The AVO (<strong>\u00c1<\/strong>llam<strong>V<\/strong>\u00e9delmi <strong>O<\/strong>sztaly) was Hungary\u2019s State Security Agency (1945-56), a much hated and brutal secret police. The work of the AVO created a constant climate of fear and terror and by November 1956 this, along with the economic climate that existed in Hungary, spilled over and was one of the main causes of the 1956 Hungarian Revolution. The headquarters of the AVO was at 60, Andrassy Place in Budapest. This address is now a museum and known as \u201cThe Terror House.\u201d This film, part of a trilogy, was made in 1994 for Hungarian TV. But its supporters believe that viewings and copies have been suppressed for political reasons.<\/p>\n<p>&nbsp;<\/p>\n<p>8:30 pm <strong>Inkub\u00e1tor<\/strong><\/p>\n<p><em><a href=\"https:\/\/hungarianassociation.com\/wp-content\/uploads\/2014\/11\/Inkub\u00e1tor.jpg\"><img decoding=\"async\" class=\"size-medium wp-image-1409 alignleft\" src=\"https:\/\/hungarianassociation.com\/wp-content\/uploads\/2014\/11\/Inkub\u00e1tor-212x300.jpg\" alt=\"Inkub\u00e1tor\" width=\"212\" height=\"300\" srcset=\"https:\/\/hungarianassociation.com\/wp-content\/uploads\/2014\/11\/Inkub\u00e1tor-212x300.jpg 212w, https:\/\/hungarianassociation.com\/wp-content\/uploads\/2014\/11\/Inkub\u00e1tor-138x195.jpg 138w, https:\/\/hungarianassociation.com\/wp-content\/uploads\/2014\/11\/Inkub\u00e1tor-100x141.jpg 100w, https:\/\/hungarianassociation.com\/wp-content\/uploads\/2014\/11\/Inkub\u00e1tor-225x317.jpg 225w, https:\/\/hungarianassociation.com\/wp-content\/uploads\/2014\/11\/Inkub\u00e1tor.jpg 500w\" sizes=\"(max-width: 212px) 100vw, 212px\" \/><\/a>Inkub\u00e1tor<\/em> tells the story of an unlikely reunion \u2013 one which involves a Hungarian rock opera performed in the Sierra Nevada mountains by a cast of 40-something Hungarian-Americans. They meet in the same exact spot they performed <em>Stephen, the king<\/em> 25 years ago, during a summer camp in 1984. That summer the Soviets still had tanks stationed in Hungary, and the country was isolated behind the Iron Curtain. Many of these scouts had never been to Hungary, where their parents were born. The reunion of this original cast, now living all over the world including Budapest, makes for an emotional and humorous portrait of one of many \u201cincubators\u201d operating in the U.S. over the years. They\u2019re meeting not only to reminisce, but also to figure out just who they\u2019ve become, twenty years after the \u201cMotherland\u201d was liberated.<\/p>\n<p>&nbsp;<\/p>\n<p>&nbsp;<\/p>\n<p>&nbsp;<\/p>\n<p>&nbsp;<\/p>\n<p>&nbsp;<\/p>\n<h4>Saturday, November 27<\/h4>\n<p>&nbsp;<\/p>\n<p>9:30-11:15 am\u00a0<strong>No Subtitles Necessary<\/strong> (2008, in English, 96 min.)<\/p>\n<p>Dir.: James Chressanthis<\/p>\n<p><a href=\"https:\/\/hungarianassociation.com\/wp-content\/uploads\/2014\/11\/nosubtitles.bmp\"><img loading=\"lazy\" decoding=\"async\" class=\"size-full wp-image-1459 alignleft\" src=\"https:\/\/hungarianassociation.com\/wp-content\/uploads\/2014\/11\/nosubtitles.bmp\" alt=\"nosubtitles\" width=\"199\" height=\"224\" \/><\/a>The artistry, triumph and lifelong friendship of the great cinematographers L\u00e1szl\u00f3 Kov\u00e1cs and Vilmos Zsigmond. With film school equipment, they shoot the Soviet crackdown of the 1956 Hungarian Revolution. The film follows the lives of these two renowned cinematographers Laszlo Kovacs and Vilmos Zsigmond from escaping the 1956 Soviet invasion of Hungary to present day.<\/p>\n<p>As film students in Hungary and with only film school equipment, they had shot footage of the Russian invasion of Budapest and crackdown of the 1956 Hungarian Revolution. They subsequently volunteered to smuggle their footage out of the country. Barely escaping with their lives, they fled to America and settled in Hollywood, eventually saving enough money to buy their own 16mm camera to begin shooting movies. As refugees they struggle in Hollywood, finally breaking into the mainstream with their pivotal contribution to the \u201cAmerican New Wave.\u201d<\/p>\n<p>Both rose to prominence in the late 60&#8217;s and 70&#8217;s having shot films such as <em>Easy Rider<\/em>, <em>Five Easy Pieces<\/em>, <em>McCabe and Mrs. Miller<\/em>, <em>Deliverance<\/em>, <em>Paper<\/em><em> Moon<\/em><strong>,<\/strong> and <em>Close Encounters<\/em> <em>of the Third Kind<\/em>. During that time, working with directors including Robert Altman, Bob Rafelson, Peter Bogdanovich, and Martin Scorsese, they helped define a new American film aesthetic, and pioneered innovative, fearless ways to tell stories.<\/p>\n<p>This is the story of a 50 year journey, an intimate portrait of two giants of modern imagemaking and their deep bond of brotherhood that transcended every imaginable boundary. Two heroes. One road.<\/p>\n<p>Source: adapted from &#8211; https:\/\/www.laszloandvilmos.com\/story.html<\/p>\n<p>&nbsp;<\/p>\n<p>2:00-3:30 pm\u00a0<strong>Dracula&#8217;s Shadow &#8211; The Real Story Behind the Romanian Revolution<\/strong> (90 min., in English)<\/p>\n<p>Chilling Cold War account about what really started the bloody<a href=\"https:\/\/hungarianassociation.com\/wp-content\/uploads\/2014\/11\/dracula.bmp\"><img loading=\"lazy\" decoding=\"async\" class=\"size-full wp-image-1460 alignright\" src=\"https:\/\/hungarianassociation.com\/wp-content\/uploads\/2014\/11\/dracula.bmp\" alt=\"dracula\" width=\"171\" height=\"235\" \/><\/a> revolution in Romania on December 15, 1989, when church supporters of the dissident Protestant Minister L\u00e1szl\u00f3 T\u0151k\u00e9s in Timisoara \/ Temesv\u00e1r rallied around his church to protect him from the military and Romanian Secret Police, the Securitate. <em>(meet the director \u00c1rp\u00e1d Sz\u0151czi, afterwards)<\/em><\/p>\n<p>For the first time, Director\/Producer Sz\u0151czi has gathered those who were involved in the unraveling of Nicolae Ceausescu\u2019\u00ads oppressive regime in Romania. This ninety-minute film tells the story of how one clandestine interview with Hungarian Protestant Minister L\u00e1szl\u00f3 T\u0151k\u00e9s in Temesv\u00e1r \/ Timisoara changed history.<\/p>\n<p>The chilling Cold War account begins with the secret mission of two French-Canadians &#8211; former Quebec Cabinet Minister Michel Clair and Radio-Canada reporter R\u00e9jean Roy &#8211; sent in March 1989 to Temesv\u00e1r \/ Timisoara (in Erd\u00e9ly), Romania. They were sent to secretly videotape an interview with T\u0151k\u00e9s, a leading member of Romania \u00ads large Hungarian minority, under intense secret police surveillance. True Soviet-style intrigue and subterfuge ensued. The story of how those tapes were released has never been told, until now. No Western media would air the interview, but when Hungarian TV finally did, it led to the history-turning, secret police-defying demonstrations of December 15 where hundreds defended the dissident pastor. The film also discloses the names of former informers and spies, thanks to the Securitate files now being released.<\/p>\n<p>&nbsp;<\/p>\n<p>4:00-5:00 pm Portions of\u00a0<strong>Pusk\u00e1s Hungary<\/strong><\/p>\n<p><a href=\"https:\/\/hungarianassociation.com\/wp-content\/uploads\/2014\/11\/puskas.bmp\"><img loading=\"lazy\" decoding=\"async\" class=\"size-full wp-image-1461 alignleft\" src=\"https:\/\/hungarianassociation.com\/wp-content\/uploads\/2014\/11\/puskas.bmp\" alt=\"puskas\" width=\"156\" height=\"218\" \/><\/a><\/p>\n<p style=\"text-align: left;\">\u00a0This is a spectacular, exciting and emotional portrayal of Ferenc Pusk\u00e1s, the kid from Kispest who became the brightest star in the footballing galaxy.<\/p>\n<p>&nbsp;<\/p>\n<p>&nbsp;<\/p>\n<p>&nbsp;<\/p>\n<p>&nbsp;<\/p>\n<p>&nbsp;<\/p>\n<p>&nbsp;<\/p>\n<p>&nbsp;<\/p>\n<p>&nbsp;<\/p>\n<p>&nbsp;<\/p>\n<p>&nbsp;<\/p>\n","protected":false},"excerpt":{"rendered":"<p>About the FILMS shown at the 2010 Hungarian Congress &nbsp; &nbsp; Friday, November 26 &nbsp; 10:00 am-12:00 pm\u00a0Sin and Innocence. Chats with B\u00e9la Bizsku. Two young film producers, Fruzsina Skrabski and Tam\u00e1s Nov\u00e1k, try to answer the question, does a major communist-socialist political leader who helped put down the 1956 Hungarian Revolution, have any regrets [&hellip;]<\/p>\n","protected":false},"author":7,"featured_media":1459,"comment_status":"closed","ping_status":"closed","sticky":false,"template":"","format":"standard","meta":{"inline_featured_image":false,"ngg_post_thumbnail":0,"footnotes":""},"categories":[135,73],"tags":[319,320],"class_list":["post-1471","post","type-post","status-publish","format-standard","has-post-thumbnail","hentry","category-2010-archive","category-archive","tag-films","tag-hungarian-congress"],"_links":{"self":[{"href":"https:\/\/hungarianassociation.com\/en\/wp-json\/wp\/v2\/posts\/1471","targetHints":{"allow":["GET"]}}],"collection":[{"href":"https:\/\/hungarianassociation.com\/en\/wp-json\/wp\/v2\/posts"}],"about":[{"href":"https:\/\/hungarianassociation.com\/en\/wp-json\/wp\/v2\/types\/post"}],"author":[{"embeddable":true,"href":"https:\/\/hungarianassociation.com\/en\/wp-json\/wp\/v2\/users\/7"}],"replies":[{"embeddable":true,"href":"https:\/\/hungarianassociation.com\/en\/wp-json\/wp\/v2\/comments?post=1471"}],"version-history":[{"count":9,"href":"https:\/\/hungarianassociation.com\/en\/wp-json\/wp\/v2\/posts\/1471\/revisions"}],"predecessor-version":[{"id":1541,"href":"https:\/\/hungarianassociation.com\/en\/wp-json\/wp\/v2\/posts\/1471\/revisions\/1541"}],"wp:featuredmedia":[{"embeddable":true,"href":"https:\/\/hungarianassociation.com\/en\/wp-json\/wp\/v2\/media\/1459"}],"wp:attachment":[{"href":"https:\/\/hungarianassociation.com\/en\/wp-json\/wp\/v2\/media?parent=1471"}],"wp:term":[{"taxonomy":"category","embeddable":true,"href":"https:\/\/hungarianassociation.com\/en\/wp-json\/wp\/v2\/categories?post=1471"},{"taxonomy":"post_tag","embeddable":true,"href":"https:\/\/hungarianassociation.com\/en\/wp-json\/wp\/v2\/tags?post=1471"}],"curies":[{"name":"wp","href":"https:\/\/api.w.org\/{rel}","templated":true}]}}