{"id":20771,"date":"2022-08-14T15:20:43","date_gmt":"2022-08-14T21:20:43","guid":{"rendered":"https:\/\/www.hungarianassociation.com\/?p=20771"},"modified":"2024-10-08T17:57:58","modified_gmt":"2024-10-08T21:57:58","slug":"61st-hungarian-congress-new-beginnings-hungarian-ingenuity-honoring-the-1945-ers","status":"publish","type":"post","link":"https:\/\/hungarianassociation.com\/en\/2022\/61st-hungarian-congress-new-beginnings-hungarian-ingenuity-honoring-the-1945-ers\/","title":{"rendered":"61st Hungarian Congress \u2013 \u201eNew Beginnings &#8211; Hungarian Ingenuity: Honoring the 1945-ers\u201d"},"content":{"rendered":"\n<table style=\"margin: 0px; color: black;\">\n  <tbody>\n    <tr>\n      <td rowspan=\"2\">\n        <figure class=\"wp-block-image size-full\"><img fetchpriority=\"high\" decoding=\"async\" width=\"250\" height=\"236\" class=\"wp-image-19859\" src=\"https:\/\/hungarianassociation.com\/wp-content\/uploads\/2021\/10\/HungarianAssociation-Logo-Medium-Transparentpng.png\" alt=\"\" style=\"width: 250px;\" srcset=\"https:\/\/hungarianassociation.com\/wp-content\/uploads\/2021\/10\/HungarianAssociation-Logo-Medium-Transparentpng.png 600w, https:\/\/hungarianassociation.com\/wp-content\/uploads\/2021\/10\/HungarianAssociation-Logo-Medium-Transparentpng-300x284.png 300w\" sizes=\"(max-width: 250px) 100vw, 250px\" \/><\/figure>\n      <\/td>\n      <td><h2 style=\"\n    margin-bottom: 0px;\n    margin-top: 0px;\n\"><strong>MAGYAR T\u00c1RSAS\u00c1G<\/strong><\/h2>HUNGARIAN ASSOCIATION<h3 style=\"\n    margin-bottom: 0px;\n    margin-top: 0px;\n\"><strong>T\u00e1j\u00e9koztat\u00f3<\/strong><\/h3><\/td>\n      <td class=\"has-text-align-right\" data-align=\"right\">P.O. Box 771066,<br>Cleveland, Ohio 44107, USA<br><i>Telefon:\n        (216) 651-4929<\/i><br>www.HungarianAssociation.com<br><strong>2022. augusztus 5. sz\u00e1m<\/strong><\/td>\n    <\/tr>\n    <tr>\n      <td colspan=\"2\" style=\"\n    font-weight: 700;\n\">Magyar Kongresszus \/ Magyar Tal\u00e1lkoz\u00f3 \/ \u00c1rp\u00e1d Akad\u00e9mia \/ \u00c1rp\u00e1d Rend<\/td>\n    <\/tr>\n  <\/tbody>\n<\/table>\n\n\n\n<h2 class=\"wp-block-heading\">\u201e\u00daj kezdet, magyar lelem\u00e9nyess\u00e9g\u201d<\/h2>\n\n\n\n<h3 class=\"wp-block-heading\">\u201cNew Beginnings &#8211; Hungarian Ingenuity: Honoring the 1945-ers\u201d<\/h3>\n\n\n\n<div class=\"wp-block-columns is-layout-flex wp-container-core-columns-is-layout-9d6595d7 wp-block-columns-is-layout-flex\">\n<div class=\"wp-block-column is-layout-flow wp-block-column-is-layout-flow\">\n<h3 class=\"wp-block-heading\">Legyen r\u00e9sze a m\u00e1r 61.<br>Magyar Tal\u00e1lkoz\u00f3nak!<\/h3>\n\n\n<div class=\"wp-block-image\">\n<figure class=\"alignright size-full is-resized\"><img decoding=\"async\" src=\"https:\/\/hungarianassociation.com\/wp-content\/uploads\/2014\/12\/Nadas-Janos.jpg\" alt=\"\" class=\"wp-image-2273\" width=\"116\" height=\"170\" srcset=\"https:\/\/hungarianassociation.com\/wp-content\/uploads\/2014\/12\/Nadas-Janos.jpg 375w, https:\/\/hungarianassociation.com\/wp-content\/uploads\/2014\/12\/Nadas-Janos-203x300.jpg 203w, https:\/\/hungarianassociation.com\/wp-content\/uploads\/2014\/12\/Nadas-Janos-132x195.jpg 132w, https:\/\/hungarianassociation.com\/wp-content\/uploads\/2014\/12\/Nadas-Janos-100x147.jpg 100w, https:\/\/hungarianassociation.com\/wp-content\/uploads\/2014\/12\/Nadas-Janos-225x331.jpg 225w\" sizes=\"(max-width: 116px) 100vw, 116px\" \/><\/figure>\n<\/div>\n\n\n<p>A Magyar Kongresszust 2022 november 25-26 k\u00f6z\u00f6tt tartjuk meg, a m\u00e1r hagyom\u00e1nyos Magyar B\u00e1llal, D\u00edszeb\u00e9ddel, a p\u00e9nteki Irodalmi \u00e9s M\u0171v\u00e9sz Esttel, k\u00f6nyv v\u00e1s\u00e1rral \u00e9s m\u0171v\u00e9szeti ki\u00e1ll\u00edt\u00e1ssal.<br>Ebben az \u00e9vben visszaeml\u00e9kez\u00fcnk a m\u00e1so-dik vil\u00e1gh\u00e1bor\u00fa ut\u00e1ni magyar menek\u00fcltekre, azoknak hazaszeretet\u00e9re, k\u00f6z\u00f6ss\u00e9g \u00e9p\u00edt\u00e9s\u00e9re, egy-m\u00e1s kiseg\u00edt\u00e9s\u00e9re \u00e9s szinte legy\u0151zhetetlen erej\u00fckre a k\u00fclf\u00f6ldi \u00e9let\u00fck \u00fajra kezd\u00e9s\u00e9ben. Szeretn\u00e9nk megosztani r\u00f6vid 5 perces f\u00e9nyk\u00e9p bemutat\u00f3kkal a 45-\u00f6s csal\u00e1dok t\u00f6rt\u00e9neteit.<br>Aki szeretne csatlakozni k\u00e9pes bemutatkoz\u00f3nkhoz k\u00e9rj\u00fck vegye fel vel\u00fcnk a kapcsolatot, k\u00fcldje f\u00e9nyk\u00e9peit r\u00f6vid magyar\u00e1zattal email \u00e1ltal <a href=\"mailto:magyar.tarsasag@gmail.com\" target=\"_blank\" rel=\"noreferrer noopener\">magyar.tarsasag@gmail.com<\/a> c\u00edmre.<br>Tervezett el\u0151ad\u00e1saink r\u00e9szben t\u00fckr\u00f6zik a t\u00e9m\u00e1nkat, de kiterjednek k\u00f6zkedvelt t\u00e9m\u00e1kra is.<br>Szeretettel megh\u00edvjuk \u00d6nt! J\u00f6jj\u00f6n el! Legyen r\u00e9sze a m\u00e1r 61. Magyar Tal\u00e1lkoz\u00f3nak!<\/p>\n\n\n\n<p class=\"has-text-align-right\"><em>\u2013 dr. N\u00e1das J\u00e1nos<\/em><\/p>\n\n\n\n<table border=\"2\" style=\"margin: 0px; color: black;\">\n  <tbody>\n    <tr>\n      <td>\n        <h3>Dance Couples Needed<\/h3>\n        <h4 style=\"text-align:center; font-style:normal;font-weight:300\">Francia n\u00e9gyes t\u00e1ncbemutat\u00f3<\/h4>\n        <p>\n          Az idei Magyar B\u00e1lon F\u00f6rd\u00f6s Kati rendez\u00e9s\u00e9ben fel\u00e9lesztj\u00fck a r\u00e9g m\u00falt b\u00e1lok Francia n\u00e9gyes t\u00e1ncbemutat\u00f3j\u00e1t. K\u00e9rj\u00fck aki r\u00e9szt szeretne venni, jelentkez-zen az email c\u00edmen.\n        <\/p>\n        <a href=\"mailto:magyar.tarsasag@gmail.com\" target=\"_blank\" style=\"padding-bottom: 18px;\" rel=\"noopener\">magyar.tarsasag@gmail.com<\/a>\n        <p>\n        Remembering the 1945-ers and their traditions, F\u00f6rd\u00f6s Kati is organizing the presentation of the Francia n\u00e9gyes dance (similar to the Quadrille).  \nIf you would like to participate, please register at the email address. \n        <\/p>\n      <\/td>\n    <\/tr>\n  <\/tbody>\n<\/table>\n<\/div>\n\n\n\n<div class=\"wp-block-column is-layout-flow wp-block-column-is-layout-flow\">\n<h3 class=\"wp-block-heading\">A \u201e45-\u00f6s\u201d emigr\u00e1ci\u00f3<\/h3>\n\n\n\n<p>A II. Vil\u00e1gh\u00e1bor\u00fa borzalmai t\u00f6bb sz\u00e1zezer magyart, minde-n\u00fcket elhagyva \u00e9s f\u00f6ld\u00f6nfut\u00f3v\u00e1 v\u00e1lva, haz\u00e1jukb\u00f3l menek\u00fcl\u00e9sre k\u00e9nyszer\u00edtett. Legt\u00f6bbnyire a n\u00e9metorsz\u00e1gi vagy ausztriai DP l\u00e1gerekben tal\u00e1ltak ezek a menek\u00fcltek ideiglenes otthont t\u00f6bb \u00e9v sor\u00e1n, mindaddig, amig vagy a kiv\u00e1ndorl\u00e1s vagy a hazat\u00e9r\u00e9s bizonytalans\u00e1g\u00e1val kellet szemben\u00e9zni\u00fck \u00e9s hat\u00e1rozniuk.<br>\u00c9rdekes megtudni, hogy ezek a k\u00f6zbees\u0151 \u00e9vek hogyan is teltek el nekik, \u00e9s ma nek\u00fcnk jelent-e valamit az \u0151 akkori tev\u00e9kenys\u00e9geik, v\u00edvm\u00e1nyaik?<br>Ez a \u201e45-\u00f6s\u201d emigr\u00e1ci\u00f3 sokol-dal\u00fa, lelem\u00e9nyes, tehets\u00e9ges \u00e9s rem\u00e9nyteljes hozz\u00e1\u00e1ll\u00e1sa hogyan<\/p>\n\n\n\n<figure class=\"wp-block-image size-large\"><img decoding=\"async\" width=\"2560\" height=\"1702\" src=\"https:\/\/hungarianassociation.com\/wp-content\/uploads\/2022\/08\/Nya\u0301ri-Ga\u0301bor-4-HPGy-edited-scaled.jpg\" alt=\"\" class=\"wp-image-20728\" srcset=\"https:\/\/hungarianassociation.com\/wp-content\/uploads\/2022\/08\/Nya\u0301ri-Ga\u0301bor-4-HPGy-edited-scaled.jpg 2560w, https:\/\/hungarianassociation.com\/wp-content\/uploads\/2022\/08\/Nya\u0301ri-Ga\u0301bor-4-HPGy-edited-300x200.jpg 300w, https:\/\/hungarianassociation.com\/wp-content\/uploads\/2022\/08\/Nya\u0301ri-Ga\u0301bor-4-HPGy-edited-1024x681.jpg 1024w, https:\/\/hungarianassociation.com\/wp-content\/uploads\/2022\/08\/Nya\u0301ri-Ga\u0301bor-4-HPGy-edited-768x511.jpg 768w, https:\/\/hungarianassociation.com\/wp-content\/uploads\/2022\/08\/Nya\u0301ri-Ga\u0301bor-4-HPGy-edited-1536x1021.jpg 1536w, https:\/\/hungarianassociation.com\/wp-content\/uploads\/2022\/08\/Nya\u0301ri-Ga\u0301bor-4-HPGy-edited-2048x1362.jpg 2048w, https:\/\/hungarianassociation.com\/wp-content\/uploads\/2022\/08\/Nya\u0301ri-Ga\u0301bor-4-HPGy-edited-1200x798.jpg 1200w, https:\/\/hungarianassociation.com\/wp-content\/uploads\/2022\/08\/Nya\u0301ri-Ga\u0301bor-4-HPGy-edited-1980x1317.jpg 1980w\" sizes=\"(max-width: 2560px) 100vw, 2560px\" \/><\/figure>\n\n\n\n<p>hozta l\u00e9tre a r\u00e1juk szakadt \u00fajrakezd\u00e9st \u00e9s hogyan is \u00e9rinti mai emigr\u00e1ci\u00f3s k\u00f6z\u00f6ss\u00e9geinket?<br>Dr. Ny\u00e1ri G\u00e1bor t\u00f6rt\u00e9n\u00e9sz, a <em>Rendszerv\u00e1lt\u00e1s T\u00f6rt\u00e9net\u00e9t Kutat\u00f3 In-t\u00e9zet \u00e9s Arch\u00edvum (RET\u00d6RKI)<\/em> f\u0151igazgat\u00f3ja. A szombati t\u00e1rsas eb\u00e9d keret\u00e9ben ny\u00fajt sz\u00e1munk-ra roppant \u00e9rdekes betekint\u00e9st erre a \u201e45-\u00f6s\u00f6k\u201d emigr\u00e1ci\u00f3s hul-l\u00e1m\u00e1ra. Doktori disszert\u00e1ci\u00f3ja \u00e9s a 2018-ban k\u00f6zreadott monogr\u00e1\ufb01\u00e1ja kifejezetten a negyven\u00f6t\u00f6s\u00f6k t\u00f6rt\u00e9net\u00e9vel foglalkozik, els\u0151sorban n\u00e9metorsz\u00e1gi f\u00f3kusszal \u00e9s ausztriai kit\u00e9tellel is.<br>Tanulm\u00e1nya ismerteti a t\u00f6r-t\u00e9nelmi adatokat err\u0151l a kor-szakr\u00f3l &#8212; a magyar hadifoglyok \u00e9s civilek helyzet\u00e9t, ismerteti oktat\u00e1si-, kultur\u00e1lis- \u00e9s egyh\u00e1zi \u00e9let\u00fcket, a k\u00f6r\u00fclm\u00e9nyeket, a k\u00fczdelmeket, a kih\u00edv\u00e1sokat, az alkot\u00e1saikat, a kiv\u00e1ndorl\u00e1st v\u00e1laszt\u00f3k megalakult szervezeteiket (mint pld. a k\u00fclf\u00f6ldi magyar cserk\u00e9szet), a hagyom\u00e1nyok \u00e9s a nyelv meg\u0151rz\u00e9s\u00e9t, az egyes kimagasl\u00f3bb szem\u00e9lyeket \u00e9s a magukkal hozott \u00e9s kialakult \u00e9rt\u00e9k-rendet, ami ma is jellemzi k\u00f6z\u00f6ss\u00e9geinket.<br>E t\u00e9ma \u00e9rdekess\u00e9ge sokunk sz\u00e1m\u00e1ra az\u00e9rt is relev\u00e1ns, hisz m\u00e9g \u00e9lnek k\u00f6zt\u00fcnk \u201e45-\u00f6s\u00f6k\u201d vagy gyermekeik, lesz\u00e1rmazott-jaik, j\u00f3 ismer\u0151seik \u00e9s m\u00e9g l\u00e9tez-nek egyes int\u00e9zm\u00e9nyeik.<br>L\u00e1sd (<a href=\"https:\/\/retorki.hu\/munkatarsak\/nyari-gabor\" target=\"_blank\" rel=\"noreferrer noopener\">https:\/\/retorki.hu\/munkatarsak\/nyari-gabor<\/a>) h\u00f3nlapon tal\u00e1lhat\u00f3 Curriculum Vitae-t dr. Ny\u00e1ri G\u00e1bornak.<\/p>\n\n\n\n<p class=\"has-text-align-right\"><em>\u2013 Peller Ildik\u00f3,<br>Magyar T\u00e1rsas\u00e1g tisztikar\u00e1nak tagja<\/em><\/p>\n<\/div>\n\n\n\n<div class=\"wp-block-column is-layout-flow wp-block-column-is-layout-flow\">\n<h3 class=\"wp-block-heading\">A MAGYAR T\u00c1RSAS\u00c1G \u00e9s az \u00c1RP\u00c1D AKAD\u00c9MIA<\/h3>\n\n\n\n<p>szeretettel megh\u00edvja \u00d6nt \u00e9s kedves csal\u00e1dj\u00e1t<\/p>\n\n\n\n<h3 class=\"wp-block-heading\" style=\"font-style:normal;font-weight:300\"><em>2022<\/em>. <em>november 25-26. a<\/em><\/h3>\n\n\n\n<h4 class=\"has-text-color wp-block-heading\" style=\"color:#ff0000;font-style:normal;font-weight:500\">61. Magyar Kongresszusra \u00e9s Magyar B\u00e1lra<\/h4>\n\n\n\n<p class=\"has-text-align-center has-large-font-size\"><em>Programunk:<\/em><\/p>\n\n\n\n<h4 class=\"has-text-color wp-block-heading\" style=\"color:#008000;font-style:normal;font-weight:200\">EL\u0150AD\u00c1SOK &#8211; K\u00d6NYVV\u00c1S\u00c1R M\u0170V\u00c9SZ EST &#8211; D\u00cdSZVACSORA MAGYAR B\u00c1L<\/h4>\n\n\n\n<h3 class=\"wp-block-heading\">J\u00f6jj\u00f6n el a MAGYAR B\u00c1LRA!<\/h3>\n\n\n<div class=\"wp-block-image\">\n<figure class=\"alignleft size-full\"><img loading=\"lazy\" decoding=\"async\" width=\"234\" height=\"350\" src=\"https:\/\/hungarianassociation.com\/wp-content\/uploads\/2022\/08\/graph_dance.png\" alt=\"\" class=\"wp-image-20732\" srcset=\"https:\/\/hungarianassociation.com\/wp-content\/uploads\/2022\/08\/graph_dance.png 234w, https:\/\/hungarianassociation.com\/wp-content\/uploads\/2022\/08\/graph_dance-201x300.png 201w\" sizes=\"(max-width: 234px) 100vw, 234px\" \/><\/figure>\n<\/div>\n\n\n<p>Az id\u00e9n, 2022 November 26-\u00e1n, megrendez\u00e9sre ker\u00fcl a m\u00e1r hagyom\u00e1nyos Magyar B\u00e1l, a zen\u00e9t Mahovlich Walt \u00e9s a Harmonia zenekar szolg\u00e1ltatja.  K\u00e9rj\u00fck a fiatalokat, aki els\u0151 b\u00e1loz\u00f3 szeretne lenni, vagy ebben az \u00e9vben folytatja els\u0151 b\u00e1los \u00e9v\u00e9t, miel\u0151bb jelentkezzen az email c\u00edmen: <a href=\"mailto:magyar.tarsasag@gmail.com\" target=\"_blank\" rel=\"noreferrer noopener\">magyar.tarsasag@gmail.com<\/a><\/p>\n\n\n\n<p><strong>GALA BANQUET and Hungarian DEBUTANTE BALL<\/strong><br><strong>On Saturday, November 26, 2022, featuring \u201cHarmonia\u201d band and Walt Mahovlich. Register at <\/strong><em><a href=\"mailto:magyar.tarsasag@gmail.com\">magyar.tarsasag@gmail.com<\/a><\/em> <strong>if you wish to be a debutante or a debutante escort<\/strong> (<em>debutantes and their escorts will receive complimentary tickets<\/em>).<\/p>\n\n\n\n<figure class=\"wp-block-image size-full\"><img loading=\"lazy\" decoding=\"async\" width=\"563\" height=\"142\" src=\"https:\/\/hungarianassociation.com\/wp-content\/uploads\/2022\/08\/graph_motive.png\" alt=\"\" class=\"wp-image-20735\" srcset=\"https:\/\/hungarianassociation.com\/wp-content\/uploads\/2022\/08\/graph_motive.png 563w, https:\/\/hungarianassociation.com\/wp-content\/uploads\/2022\/08\/graph_motive-300x76.png 300w\" sizes=\"(max-width: 563px) 100vw, 563px\" \/><\/figure>\n<\/div>\n<\/div>\n\n\n\n<h2 class=\"has-text-align-center wp-block-heading\" style=\"font-style:normal;font-weight:500\">A 2022. Magyar Kongresszus<br><strong>Tervezett el\u0151ad\u00e1saink<\/strong><\/h2>\n\n\n\n<div class=\"wp-block-columns is-layout-flex wp-container-core-columns-is-layout-9d6595d7 wp-block-columns-is-layout-flex\">\n<div class=\"wp-block-column is-layout-flow wp-block-column-is-layout-flow\">\n<figure class=\"wp-block-image size-full\"><img loading=\"lazy\" decoding=\"async\" width=\"463\" height=\"240\" src=\"https:\/\/hungarianassociation.com\/wp-content\/uploads\/2022\/08\/Va\u0301radi-Nata\u0301lia-edited.jpg\" alt=\"\" class=\"wp-image-20742\" srcset=\"https:\/\/hungarianassociation.com\/wp-content\/uploads\/2022\/08\/Va\u0301radi-Nata\u0301lia-edited.jpg 463w, https:\/\/hungarianassociation.com\/wp-content\/uploads\/2022\/08\/Va\u0301radi-Nata\u0301lia-edited-300x156.jpg 300w\" sizes=\"(max-width: 463px) 100vw, 463px\" \/><\/figure>\n\n\n\n<p>V\u00e1radi Nat\u00e1lia, K\u00e1rp\u00e1taljai tan\u00e1rn\u0151, aki r\u00e9szletes kutat\u00e1st v\u00e9gzett az 56-os Szovjet kihallgat\u00e1sr\u00f3l bemutatja eredm\u00e9nyeit. <em>\u201eAz 1956-os forradalom \u00e9s szabads\u00e1gharc a k\u00e1rp\u00e1taljai lev\u00e9lt\u00e1rban \u0151rz\u00f6tt KGB dokumentumok t\u00fckr\u00e9ben.\u201d<\/em> Szint\u00e9n be-sz\u00e1mol a mostani k\u00e1rp\u00e1taljai helyzetr\u0151l.<\/p>\n\n\n\n<figure class=\"wp-block-image size-large\"><img loading=\"lazy\" decoding=\"async\" width=\"768\" height=\"1024\" src=\"https:\/\/hungarianassociation.com\/wp-content\/uploads\/2022\/07\/Toth-Gergely-768x1024.jpg\" alt=\"dr. T\u00f3th Gergely\" class=\"wp-image-20652\" srcset=\"https:\/\/hungarianassociation.com\/wp-content\/uploads\/2022\/07\/Toth-Gergely-768x1024.jpg 768w, https:\/\/hungarianassociation.com\/wp-content\/uploads\/2022\/07\/Toth-Gergely-225x300.jpg 225w, https:\/\/hungarianassociation.com\/wp-content\/uploads\/2022\/07\/Toth-Gergely-1152x1536.jpg 1152w, https:\/\/hungarianassociation.com\/wp-content\/uploads\/2022\/07\/Toth-Gergely-1536x2048.jpg 1536w, https:\/\/hungarianassociation.com\/wp-content\/uploads\/2022\/07\/Toth-Gergely-1200x1600.jpg 1200w, https:\/\/hungarianassociation.com\/wp-content\/uploads\/2022\/07\/Toth-Gergely-1980x2640.jpg 1980w, https:\/\/hungarianassociation.com\/wp-content\/uploads\/2022\/07\/Toth-Gergely-scaled.jpg 1920w\" sizes=\"(max-width: 768px) 100vw, 768px\" \/><figcaption>dr. T\u00f3th Gergely<\/figcaption><\/figure>\n\n\n\n<p>Dr. T\u00f3th Gergely a Magyar Harcosok Bajt\u00e1rsi K\u00f6z\u00f6ss\u00e9g\u00e9t (MHBK) ismerteti. Az id\u00e9n 75 \u00e9ves emigr\u00e1ci\u00f3s szervezet a nyugatra k\u00e9nyszer\u00fclt katon\u00e1k \u00f6sszefog\u00e1s\u00e1n \u00e9s t\u00e1mogat\u00e1s\u00e1n t\u00fal igyekezett kapcsolatot tartani a Magyarorsz\u00e1gon maradt egykori bajt\u00e1sakkal, illetve kiemelt c\u00e9ljuk volt Magyarorsz\u00e1g felszabad\u00edt\u00e1sa.<\/p>\n\n\n\n<p>Szint\u00e9n bemutatja vet\u00edtett k\u00e9pekkel kutat\u00e1sai egy r\u00e9sz\u00e9t,<br><em>&#8220;Magyarok a kanadai pr\u00e9rin&#8221;<\/em> c\u00edmmel. Gergely a Florida Atlantic University-n \u00e9s a Cleveland State University-n tan\u00edt online n\u00e9metet ill. magyart. Szenved\u00e9lye a magyar emigr\u00e1ci\u00f3t\u00f6rt\u00e9net \u00e9s diaszp\u00f3ra kutat\u00e1sa.<\/p>\n\n\n\n<p>English presentation by Dr. Gergely T\u00f3th: <em>&#8220;Cleveland&#8217;s Hungarian Neighborhoods in 2022 &#8211; What&#8217;s Left of Buckeye Rd. and Lorain Avenue?&#8221;<\/em> Gergely currently instructs online for Cleveland State University and Florida Atlantic University. His main personal interest is Hungarian history in the diaspora. He has conducted extensive independent, mainly self-funded \ufb01eld-work in Hungarian communities throughout the United States, Canada, as well as globally, and photo-documented Hungarian markers on more than 60,000 photographs.<\/p>\n\n\n\n<figure class=\"wp-block-image size-full\"><img loading=\"lazy\" decoding=\"async\" width=\"980\" height=\"820\" src=\"https:\/\/hungarianassociation.com\/wp-content\/uploads\/2022\/08\/Ne\u0301meth-Iva\u0301n.jpg\" alt=\"Ne\u0301meth Iva\u0301n\" class=\"wp-image-20748\" srcset=\"https:\/\/hungarianassociation.com\/wp-content\/uploads\/2022\/08\/Ne\u0301meth-Iva\u0301n.jpg 980w, https:\/\/hungarianassociation.com\/wp-content\/uploads\/2022\/08\/Ne\u0301meth-Iva\u0301n-300x251.jpg 300w, https:\/\/hungarianassociation.com\/wp-content\/uploads\/2022\/08\/Ne\u0301meth-Iva\u0301n-768x643.jpg 768w\" sizes=\"(max-width: 980px) 100vw, 980px\" \/><figcaption>Ne\u0301meth Iva\u0301n<\/figcaption><\/figure>\n\n\n\n<p><strong>N\u00e9meth Iv\u00e1n, (Erie, PA)<\/strong>: visszat\u00e9r\u0151 el\u0151ad\u00f3nk. El\u0151ad\u00e1s c\u00edme: \u201eA magyar \u00e1llamad\u00f3ss\u00e1g alakul\u00e1sa a K\u00e1d\u00e1r korszakban\u201d.<\/p>\n\n\n<div class=\"wp-block-image\">\n<figure class=\"alignleft size-large\"><img loading=\"lazy\" decoding=\"async\" width=\"1370\" height=\"2440\" src=\"https:\/\/hungarianassociation.com\/wp-content\/uploads\/2022\/08\/Laszlo-in-1942-at-age-33-edited.jpg\" alt=\"\" class=\"wp-image-20750\" srcset=\"https:\/\/hungarianassociation.com\/wp-content\/uploads\/2022\/08\/Laszlo-in-1942-at-age-33-edited.jpg 1370w, https:\/\/hungarianassociation.com\/wp-content\/uploads\/2022\/08\/Laszlo-in-1942-at-age-33-edited-168x300.jpg 168w, https:\/\/hungarianassociation.com\/wp-content\/uploads\/2022\/08\/Laszlo-in-1942-at-age-33-edited-575x1024.jpg 575w, https:\/\/hungarianassociation.com\/wp-content\/uploads\/2022\/08\/Laszlo-in-1942-at-age-33-edited-768x1368.jpg 768w, https:\/\/hungarianassociation.com\/wp-content\/uploads\/2022\/08\/Laszlo-in-1942-at-age-33-edited-862x1536.jpg 862w, https:\/\/hungarianassociation.com\/wp-content\/uploads\/2022\/08\/Laszlo-in-1942-at-age-33-edited-1150x2048.jpg 1150w, https:\/\/hungarianassociation.com\/wp-content\/uploads\/2022\/08\/Laszlo-in-1942-at-age-33-edited-1200x2137.jpg 1200w\" sizes=\"(max-width: 1370px) 100vw, 1370px\" \/><\/figure>\n<\/div>\n\n\n<p>English presentation by Les Monostory: <em>\u201c1945 Saving the kisb\u00e9r horse stud farm: Daring escape from the advancing Russian front led by Captain L\u00e1szl\u00f3 Monostory.\u201d<\/em><\/p>\n\n\n\n<p>Les Monostory was three years old when he actually took part in this escape. He will review this family legacy.<\/p>\n\n\n\n<p>K\u00f6nyvismertet\u00e9s Keresen Kati, tisztikari tagunk \u00e1ltal: Sze-gedi Sz\u00fcts Istv\u00e1nnak \u201cMy War Book\u201d c\u00edm\u0171 m\u0171ve, mint beveze-t\u0151 az Ukr\u00e1n h\u00e1bor\u00fa t\u00e1rgyal\u00e1sra.<\/p>\n<\/div>\n\n\n\n<div class=\"wp-block-column is-layout-flow wp-block-column-is-layout-flow\">\n<figure class=\"wp-block-image size-full\"><img loading=\"lazy\" decoding=\"async\" width=\"582\" height=\"660\" src=\"https:\/\/hungarianassociation.com\/wp-content\/uploads\/2022\/08\/Somogyi-Ferenc.jpg\" alt=\"Somogyi Ferenc\" class=\"wp-image-20744\" srcset=\"https:\/\/hungarianassociation.com\/wp-content\/uploads\/2022\/08\/Somogyi-Ferenc.jpg 582w, https:\/\/hungarianassociation.com\/wp-content\/uploads\/2022\/08\/Somogyi-Ferenc-265x300.jpg 265w\" sizes=\"(max-width: 582px) 100vw, 582px\" \/><figcaption>Somogyi Ferenc<\/figcaption><\/figure>\n\n\n\n<p>Somogyi Ferenc, egy\u00e9ni ku-tat\u00e1sai alapj\u00e1n el\u0151ad\u00e1st tart:<br><em>\u201eMagyarorsz\u00e1g \u00e9s a magyar-s\u00e1g hozz\u00e1\u00e1ll\u00e1sai az orosz Ukraj-naelleni agresszi\u00f3s h\u00e1bor\u00fahoz\u201d.<\/em><\/p>\n\n\n\n<p><strong>Ferenc a Princeton Egyetem di\u00e1kja<\/strong> (School of Public &amp; Interna-tional Affairs) <strong>\u00e9s j\u00faliusban B\u00e9cs-ben diplomat\u00e1kkal dolgozott az OSCE-n\u00e9l <\/strong>(Organization for Security and Co-operation in Europe).<\/p>\n\n\n\n<div style=\"height:50px\" aria-hidden=\"true\" class=\"wp-block-spacer\"><\/div>\n\n\n\n<p>Dr. P\u00e1va Zsolt a chicag\u00f3i Magyar Konzul\u00e1tus Magyar K\u00f6z\u00f6ss\u00e9gi Diplomat\u00e1ja, konzul, P\u00e9cs polg\u00e1rmestere 1994 \u00e9s 1998, illetve 2009 \u00e9s 2019 k\u00f6z\u00f6tt.<em><br><\/em><\/p>\n\n\n<div class=\"wp-block-image\">\n<figure class=\"alignleft size-full\"><img loading=\"lazy\" decoding=\"async\" width=\"300\" height=\"450\" src=\"https:\/\/hungarianassociation.com\/wp-content\/uploads\/2022\/08\/Dr.-Pa\u0301va-Zsolt.jpg\" alt=\"Dr. Pa\u0301va Zsolt\" class=\"wp-image-20746\" srcset=\"https:\/\/hungarianassociation.com\/wp-content\/uploads\/2022\/08\/Dr.-Pa\u0301va-Zsolt.jpg 300w, https:\/\/hungarianassociation.com\/wp-content\/uploads\/2022\/08\/Dr.-Pa\u0301va-Zsolt-200x300.jpg 200w\" sizes=\"(max-width: 300px) 100vw, 300px\" \/><figcaption>Dr. Pa\u0301va Zsolt<\/figcaption><\/figure>\n<\/div>\n\n\n<p>El\u0151ad\u00e1s c\u00edme: <em>\u201cA sv\u00e1bok be-j\u00f6vetele Magyarorsz\u00e1gra a XVIII sz\u00e1zadban\u201d <\/em>Magyarorsz\u00e1gnak a t\u00f6r\u00f6k h\u00e1bor\u00fak ut\u00e1ni \u00fajra telep\u00ed-t\u00e9se, els\u0151sorban a \u201esv\u00e1bok\u201d megjelen\u00e9se az \u00fajj\u00e1\u00e9p\u00edt\u00e9sre v\u00e1r\u00f3 orsz\u00e1gban, ami mindenk\u00e9ppen egy \u201e\u00faj kezdet\u201d volt akkoriban.<\/p>\n\n\n\n<p>Dr. Zsolt P\u00e1va was born in P\u00e9cs, Hungary. He graduated from the Law School of P\u00e9cs University. After the collapse of communism, he became involved in local politics. For 14 years, for four terms, he was the mayor of the City of P\u00e9cs (pop: 150,000). In 2019, he left his role as mayor and since May 2021 he has been working at the Consulate General of Hungary in Chicago, as diplomat for Hungarian communities abroad.<\/p>\n\n\n\n<p><strong>Mr. P\u00e1va<\/strong> is married with<br>three adult children. He is fan of history and Hungarian culture.<\/p>\n\n\n\n<table border=2  style=\"margin: 0px; color: black;\">\n  <tbody>\n    <tr>\n      <td>\n        <h3>Dr. Ny\u00e1ri G\u00e1bor<\/h3>\n        <h4 style=\"text-align:center; font-style:normal;font-weight:300\"> \u00fcnnepi sz\u00f3nok a  Magyar Kongresszus  diszeb\u00e9d\u00e9n<\/h4>\n        <p>\n        <figure class=\"alignleft size-full\"><img loading=\"lazy\" decoding=\"async\" loading=\"lazy\" width=\"234\" height=\"350\" src=\"https:\/\/hungarianassociation.com\/wp-content\/uploads\/2022\/08\/Nya\u0301ri-Ga\u0301bor-4-HPGy-edited-scaled.jpg\" alt=\"\" class=\"wp-image-20732\" srcset=\"https:\/\/hungarianassociation.com\/wp-content\/uploads\/2022\/08\/Nya\u0301ri-Ga\u0301bor-4-HPGy-edited-scaled.jpg 234w, https:\/\/hungarianassociation.com\/wp-content\/uploads\/2022\/08\/Nya\u0301ri-Ga\u0301bor-4-HPGy-edited-scaled.jpg 201w\" sizes=\"auto, (max-width: 234px) 100vw, 234px\"><\/figure>\n          2022 novem-ber 26, 12:15-kor. El\u0151ad\u00e1s c\u00edm\u00e9: \n\u201eMenek\u00fcltek az \u00faj haz\u00e1ban \u2013 A \u201945-\u00f6s emigr\u00e1ci\u00f3 el-s\u0151 \u00e9veinek t\u00f6rt\u00e9nete\u201d\nA k\u00fcl\u00f6nb\u00f6z\u0151 nagyobb ma-gyar emigr\u00e1ci\u00f3s hull\u00e1mok, k\u00fcl\u00f6-n\u00f6sen a 20-ik sz\u00e1zad\u00e9, lelki, szellemi \u00e9s gyakorlati hagyat\u00e9-ka, mint sz\u00ednes sz\u00e1lak egy tarka sz\u0151ttesben, fon\u00f3dnak \u00f6ssze \u00e9s alapozz\u00e1k meg az idegenben sz\u00e9tsz\u00f3rt magyar k\u00f6z\u00f6ss\u00e9gek mai \u00e9let\u00e9t.  Egyik ilyen emigr\u00e1ci-\u00f3s hull\u00e1m az, amelyiket \u00fagy ne-vez\u00fcnk, mint a \u201c45-\u00f6s\u00f6k\u201d. \n        <\/p>\n      <\/td>\n    <\/tr>\n  <\/tbody>\n<\/table>\n<\/div>\n<\/div>\n\n\n\n<h2 class=\"wp-block-heading\">M\u0171v\u00e9sz est \u201eMagyar Szinm\u0171v\u00e9szet kincsei\u201d Cs\u00edkszered\u00e1b\u00f3l M\u00e1rdirosz \u00c1gnes sz\u00edn\u00e9szn\u0151 el\u0151adja<\/h2>\n\n\n\n<div class=\"wp-block-columns is-layout-flex wp-container-core-columns-is-layout-9d6595d7 wp-block-columns-is-layout-flex\">\n<div class=\"wp-block-column is-layout-flow wp-block-column-is-layout-flow\" style=\"flex-basis:25%\">\n<p>November 25 p\u00e9ntek este 7-kor Cs\u00edkszered\u00e1b\u00f3l M\u00e1rdirosz \u00c1gnes sz\u00edn\u00e9szn\u0151, n\u00e9pi t\u00e1ncos, \u00e9nekesn\u0151 R\u00e1duj G\u00e1bor zongoram\u0171v\u00e9sz k\u00eds\u00e9ret\u00e9vel a Csikij\u00e1t\u00e9ksz\u00edn-t\u0151l el\u0151adj\u00e1k \u201eMagyar Szin-m\u0171v\u00e9szet kincsei\u201d.<\/p>\n\n\n\n<p>Szeretettel h\u00edvjuk \u00d6nt \u00e9s kedves csal\u00e1dj\u00e1t, valamint bar\u00e1tait a Magyar Tal\u00e1lkoz\u00f3 keret\u00e9ben megrendezett idei Irodalom \u00e9s M\u0171v\u00e9sz Estre, mely gazdag, v\u00e1ltozatos \u00e9lm\u00e9nyt ny\u00fajt mindenki sz\u00e1m\u00e1ra!<\/p>\n<\/div>\n\n\n\n<div class=\"wp-block-column is-layout-flow wp-block-column-is-layout-flow\" style=\"flex-basis:50%\">\n<figure class=\"wp-block-image size-full\"><img loading=\"lazy\" decoding=\"async\" width=\"741\" height=\"436\" src=\"https:\/\/hungarianassociation.com\/wp-content\/uploads\/2022\/08\/Ma\u0301rdirosz-A\u0301gnes.jpg\" alt=\"Ma\u0301rdirosz A\u0301gnes\" class=\"wp-image-20753\" srcset=\"https:\/\/hungarianassociation.com\/wp-content\/uploads\/2022\/08\/Ma\u0301rdirosz-A\u0301gnes.jpg 741w, https:\/\/hungarianassociation.com\/wp-content\/uploads\/2022\/08\/Ma\u0301rdirosz-A\u0301gnes-300x177.jpg 300w\" sizes=\"(max-width: 741px) 100vw, 741px\" \/><figcaption>Ma\u0301rdirosz A\u0301gnes<\/figcaption><\/figure>\n<\/div>\n\n\n\n<div class=\"wp-block-column is-layout-flow wp-block-column-is-layout-flow\" style=\"flex-basis:25%\">\n<p>The Hungarian Association cordially invites the lovers of Hungarian culture and of artistic excellence to come and enjoy the finest music and drama performance presented by the Cs\u00edkszeredai actress \u00c1gnes M\u00e1rdirosz accompanied by G\u00e1bor R\u00e1duj on the piano.<\/p>\n\n\n\n<p>They come direct from Transylvania to share the <em>&#8220;Treasures of Hungarian Drama.&#8221;<\/em><\/p>\n<\/div>\n<\/div>\n\n\n\n<h2 class=\"has-text-align-center wp-block-heading\" style=\"font-style:normal;font-weight:400\"><strong>F\u0151v\u00e9dn\u00f6k\u00f6k \u00e9s V\u00e9dn\u00f6k\u00f6k<br>Principal Patrons and Patrons<\/strong><br>2019\/2020\/2021<\/h2>\n\n\n\n<div class=\"wp-block-columns is-layout-flex wp-container-core-columns-is-layout-9d6595d7 wp-block-columns-is-layout-flex\">\n<div class=\"wp-block-column is-layout-flow wp-block-column-is-layout-flow\">\n<p><strong>K\u00f6sz\u00f6nj\u00fck a f\u0151v\u00e9dn\u00f6k\u00f6knek \u00e9s v\u00e9dn\u00f6k\u00f6knek, akik t\u00e1mogatt\u00e1k a Magyar T\u00e1rsas\u00e1g munk\u00e1j\u00e1t \u00e9s \u00e1tseg\u00edtett\u00e9k a Covid j\u00e1rv\u00e1ny neh\u00e9z \u00e9vein.<\/strong><\/p>\n\n\n\n<p><strong>We thank our patrons who supported the work of the Hungarian Association and helped us through the di\ufb03cult years of the covid epidemic.<\/strong><\/p>\n\n\n\n<h4 class=\"wp-block-heading\">F\u0151v\u00e9dn\u00f6k\u00f6k &#8211;<br>Principal Patrons<\/h4>\n\n\n\n<p>Acs Zoltan (DC)<br>Andr\u00e1ssy Chaba (CA)<br>Bagi Emil &amp; Helen (OH)<br>Balogh Petres Judit (Magyarorsz\u00e1g) <br>Balunek Gy\u00f6rgy (OH)<br>Bedy Bal\u00e1zs (OH)<br>Dr. Bern\u00e1th Ott\u00f3 &amp; Melinda (OH)<br>Bodn\u00e1r Lajos &amp; Jane (OH)<br>Borosdy Elizabeth (OH)<br>Botansky Igor (OH)<br>B\u00f6jt\u00f6s Georgianna (OH)<br>Bunjevac J\u00f3zsef (OH)<br>Csibi Lor\u00e1nd&amp;Simon Benedek Zsuzsa (OH)<br>Csicsery Zsigmond (CA)<br>DeBalogh Ferenc (CA)<br>D\u00f6m\u00f6t\u00f6rffy Eva (OH)<br>Farkas Tibor (CA)<br>F\u00f6ldesi J\u00f3zsef &amp; Katinka (OH)<br>Dr. Forg\u00e1ch P\u00e9ter &amp; Kathleen (NY) Gegenheimer Mike &amp; Ava (OH)<br>Gulden Gy\u00f6rgy &amp; Katalin (OH)<br>Prof. Gutay L\u00e1szl\u00f3 &amp; feles\u00e9ge (IN)<br>Dr. Gy\u00e9k\u00e9nyesi Gatt\u00f3 Katalin (OH)<br>Dr. Hargitai Istv\u00e1n &amp; Krisztina (VA)<br>Dr Kerekes Judit (NJ)<br>Kerkay L\u00e1szl\u00f3 (NJ)<br>K\u00e9zdi S\u00e1ndor &amp; Hajnal (OH)<br>Dr. Kondray Ger\u00f6 &amp; Ildik\u00f3 (OH)<br>Kov\u00e1ts B\u00e9la &amp; Erzs\u00e9bet (OH)<br>Dr. Krasznai Csaba &amp; feles\u00e9ge (OH)<br>Kun-Szab\u00f3 Istv\u00e1n &amp; Beatrix (NJ)<br>Lauer Edith (OH)<br>Lendvai-Lintner Agnes (NJ)<br>Dr. Lieszkovszky L\u00e1szl\u00f3 &amp; R\u00e1cz Zsuzsa (OH)<br>Lud\u00e1nyi Andr\u00e1s &amp; Anna M\u00e1ria (OH) Lud\u00e1nyi Julianna (TX)<br>Dr. M\u00e1riusz M\u00e1rton (OH)<br>Dr. Medgyessy Michael (OH)<br>Megyeri Leslie (DC)<br>M\u00e9sz\u00e1ros Elem\u00e9r &amp; Andrea (OH)<br>M\u00e9sz\u00e1ros Magdalena (OH)<\/p>\n<\/div>\n\n\n\n<div class=\"wp-block-column is-layout-flow wp-block-column-is-layout-flow\">\n<p>Moln\u00e1r Albert Csaba &amp; Marjorie (TX)<br>Dr. N\u00e1das Gyula (IL)<br>Dr. N\u00e1das J\u00e1nos &amp; Gabriella (OH) <br>Neszl\u00e9nyi Judith (CA)<br>Dr. N\u00e9methy Kesser\u00fc Judit (NY)<br>Pandi Gy\u00f6rgy (NJ)<br>Dr. Papp Kl\u00e1ra (OH)<br>Papp Theodora &amp; Steve (OH)<br>Dr. Pereszl\u00e9nyi Pint\u00e9r Martha (OH)<br>Dr. Pusk\u00e1s Judit &amp; Dr. Kasz\u00e1s G\u00e1bor (OH)<br>Renkey Andrew (PA)<br>Dr. Ruzics Tam\u00e1s &amp; feles\u00e9ge (OH)<br>S\u00e1rosi Richard (OH)<br>Dr. &amp; Mrs Shrader Istv\u00e1n (MI)<br>Small Business Consultation Inc. (OH) Somogyi L\u00e9l &amp; Mariana (OH)<br>Szabolcs L\u00e1szl\u00f3 &amp; Teresa (OH)<br>Szab\u00f3 Zolt\u00e1n &amp; Zsuzsanna (OH)<br>Szab\u00f3 Zsuzsanna &amp; Geday M\u00e1rti (OH) Szedenits Jen\u00f6 (OH)<br>Szendrey Enik\u00f6 (PA)<br>Szentkir\u00e1lyi P\u00e1l &amp; Judit (OH)<br>Szentkir\u00e1lyi Endre &amp; Pigniczky Eszti (OH)<br>Szent L\u00e1szl\u00f3 T\u00e1rsas\u00e1g \u00e9s Rend (OH)<br>Szeretvai Gy\u00f6rgy (OH)<br>Szil\u00e1gyi Gy\u00f6rgy (FL)<br>Tamoga Istv\u00e1n &amp; Lisa (OH)<br>Telch Roz\u00e1lia (Kanada)<br>Dr. T\u00f6m\u00f6ry Eva (Kanada)<br>Varga Botond (CA)<br>Dr. Varga Ildik\u00f3 (OH)<br>Varga L\u00e1szl\u00f3 &amp; Csilla (OH)<br>Varga S\u00e1ndor (OH)<br>William Penn Association (PA)<br>Dr. Volker Jen\u00f6 &amp; Dr Volker Katalin<br>(WV)<br>V\u00f6r\u00f6s Katalin (CA)<br>Dr. von Zemensky Elisabeth (PA)<br>Z\u00e1hony Istv\u00e1n &amp; Agnes (CO)<br>Z\u00e1vodszky Tam\u00e1s &amp; M\u00e1ria (PA)<\/p>\n\n\n\n<h4 class=\"wp-block-heading\">V\u00e9dn\u00f6k\u00f6k &#8211;<br>Patrons<\/h4>\n\n\n\n<p>Bogn\u00e1r Mikl\u00f3s &amp; Edna (NJ)<br>Dr. Clark Cs\u0171r\u00f6s Sylvia (NY)<br>Csom\u00e1n Endre (PA)<br>Dar\u00f3czy J\u00f3zsef &amp; Ibolya (OH)<br>v. Falk Viktor &amp; Margaret (OH)<br>F\u00e1ber Papp Erika (CT)<br>Fogarasi Mikl\u00f3s (CT)<br>Gross Andrew (OH)<br>Horv\u00e1th Carol (OH)<br>v. J\u00f3n\u00e1s Istv\u00e1n (MI) J\u00f3kay Edith (IL)<br>Juh\u00e1sz P\u00e1l (MI)<br>Kienle J\u00f3zsef (CA)<\/p>\n<\/div>\n\n\n\n<div class=\"wp-block-column is-layout-flow wp-block-column-is-layout-flow\">\n<table border=\"2\" style=\"border-color: black; border-width: 2px; border-style: solid;\">\n  <tbody>\n    <tr>\n      <td>\n        <h4 class=\"has-text-color\" style=\"color:#ff0000;font-style:normal;font-weight:500\">Tags\u00e1g 2022-23<\/h4>\n        <p>\n          K\u00f6sz\u00f6nj\u00fck tagjaink eddi-gi t\u00e1mogat\u00e1s\u00e1t \u00e9s k\u00e9rj\u00fck \u00faj\u00edts\u00e1k meg a 2022-23as \u00e9v-re, ak\u00e1r a mell\u00e9kelt bor\u00edt\u00e9k-ban, ak\u00e1r honlapunkon: \n          <a href=\"https:\/\/hungarianassociation.com\/en\/payment-options\/\">www.hungarianassociation.com\/en\/payment-options\/<\/a>\n        <\/p>\n        <h4 class=\"has-text-color\" style=\"color:#ff0000;font-style:normal;font-weight:500\">Membership 2022-23<\/h4>\n        <p>\n          We would like to thank our past members for their support. Their encourage-ment through their mem-bership sustains our organ-ization. Please consider re-newing your membership.\n        <\/p>\n      <\/td>\n    <\/tr>\n  <\/tbody>\n<\/table>\n\n\n\n<p>Kiss Ida (B\u00e1r\u00e1ny) (FL) Kosztol\u00e1nyi K\u00e1roly (Franciaorsz\u00e1g)<br>Leitgeb Edina &amp; S\u00e1ndor (OH)<br>Merva Arp\u00e1d &amp; Susanna (RI)<br>Morrow Irene (OH)<br>Peller Ildik\u00f3 (OH)<br>Dr. Relle Attila (OH)<br>S\u00e1rosi Ernest &amp; Violet (OH)<br>Szak\u00e1llas L\u00e1szl\u00f3 (OH) <br>Szappanos Istv\u00e1n &amp; Zsuzsa (OH)<br>Szigeti Veronika &amp; J\u00e1nos (OH)<br>Tarnoy Eva (NY)<br>V\u00e1rady Eva (NY)<br>Z\u00e1hony-Clementis Botond (FL)<\/p>\n\n\n\n<table border=\"2\" style=\"border-color: #008000; border-width: 2px; border-style: solid;\">\n  <tbody>\n    <tr>\n      <td>\n        <h4 class=\"has-text-color\" style=\"color:#black;font-style:normal;font-weight:500\">Ferenczy S\u00e1ndor \u00e9s M\u00e1rta eml\u00e9kadom\u00e1ny<\/h4>\n        <p>\n          K\u00f6sz\u00f6net\u00fcnket fejezz\u00fck ki Szab\u00f3 Zsuzsanna \u00e9s Geday Marti nagylelk\u0171 eml\u00e9kadom\u00e1nyai-k\u00e9rt, amellyel sz\u00fcl\u00e9ikr\u0151l Ferenczy S\u00e1ndor \u00e9s M\u00e1rta eml\u00e9keztek meg.  \n        <\/p>\n        <p>\n         2011-ben a Magyar T\u00e1rsas\u00e1g \u00c1rp\u00e1d Akad\u00e9mia arany \u00e9remmel kit\u00fcntette Ferenczy S\u00e1n-dort. Mint edz\u0151, edzette a Cleve-land Track klub n\u0151i tagjait, akik k\u00f6z\u00fcl 43 nemzeti bajnok, egy olimpiai bajnok, \u00f6t p\u00e1namerikai j\u00e1t\u00e9kgy\u0151ztes, \u00e9s 7 vil\u00e1gcs\u00facstart\u00f3 \u00e9s sz\u00e1mtalan AAU-gy\u0151ztest nevelt ki. Szint\u00e9n, valamint 2 Amerikai olimpiai csapat edz\u0151je volt.  \n        <\/p>\n        <p>Munk\u00e1ss\u00e1ga \u00e1ltal n\u00f6velte a magyar h\u00edrnevet. <\/p>\n      <\/td>\n    <\/tr>\n  <\/tbody>\n<\/table>\n<\/div>\n<\/div>\n\n\n<p>[khattachment]<\/p>\n","protected":false},"excerpt":{"rendered":"<p>MAGYAR T\u00c1RSAS\u00c1G HUNGARIAN ASSOCIATION T\u00e1j\u00e9koztat\u00f3 P.O. Box 771066,Cleveland, Ohio 44107, USATelefon: (216) 651-4929www.HungarianAssociation.com2022. augusztus 5. sz\u00e1m Magyar Kongresszus \/ Magyar Tal\u00e1lkoz\u00f3 \/ \u00c1rp\u00e1d Akad\u00e9mia \/ \u00c1rp\u00e1d Rend \u201e\u00daj kezdet, magyar lelem\u00e9nyess\u00e9g\u201d \u201cNew Beginnings &#8211; Hungarian Ingenuity: Honoring the 1945-ers\u201d Legyen r\u00e9sze a m\u00e1r 61.Magyar Tal\u00e1lkoz\u00f3nak! A Magyar Kongresszust 2022 november 25-26 k\u00f6z\u00f6tt tartjuk meg, a [&hellip;]<\/p>\n","protected":false},"author":7,"featured_media":19860,"comment_status":"closed","ping_status":"closed","sticky":false,"template":"","format":"standard","meta":{"inline_featured_image":false,"ngg_post_thumbnail":0,"footnotes":""},"categories":[525],"tags":[511,320,454],"class_list":["post-20771","post","type-post","status-publish","format-standard","has-post-thumbnail","hentry","category-2022-archive-en-en","tag-2022-2","tag-hungarian-congress","tag-magyar-kongresszus-en-2"],"_links":{"self":[{"href":"https:\/\/hungarianassociation.com\/en\/wp-json\/wp\/v2\/posts\/20771","targetHints":{"allow":["GET"]}}],"collection":[{"href":"https:\/\/hungarianassociation.com\/en\/wp-json\/wp\/v2\/posts"}],"about":[{"href":"https:\/\/hungarianassociation.com\/en\/wp-json\/wp\/v2\/types\/post"}],"author":[{"embeddable":true,"href":"https:\/\/hungarianassociation.com\/en\/wp-json\/wp\/v2\/users\/7"}],"replies":[{"embeddable":true,"href":"https:\/\/hungarianassociation.com\/en\/wp-json\/wp\/v2\/comments?post=20771"}],"version-history":[{"count":3,"href":"https:\/\/hungarianassociation.com\/en\/wp-json\/wp\/v2\/posts\/20771\/revisions"}],"predecessor-version":[{"id":20782,"href":"https:\/\/hungarianassociation.com\/en\/wp-json\/wp\/v2\/posts\/20771\/revisions\/20782"}],"wp:featuredmedia":[{"embeddable":true,"href":"https:\/\/hungarianassociation.com\/en\/wp-json\/wp\/v2\/media\/19860"}],"wp:attachment":[{"href":"https:\/\/hungarianassociation.com\/en\/wp-json\/wp\/v2\/media?parent=20771"}],"wp:term":[{"taxonomy":"category","embeddable":true,"href":"https:\/\/hungarianassociation.com\/en\/wp-json\/wp\/v2\/categories?post=20771"},{"taxonomy":"post_tag","embeddable":true,"href":"https:\/\/hungarianassociation.com\/en\/wp-json\/wp\/v2\/tags?post=20771"}],"curies":[{"name":"wp","href":"https:\/\/api.w.org\/{rel}","templated":true}]}}