{"id":341,"date":"2012-10-12T04:04:59","date_gmt":"2012-10-12T10:04:59","guid":{"rendered":"https:\/\/www.hungarianassociation.com\/site\/?p=341"},"modified":"2014-11-21T04:56:19","modified_gmt":"2014-11-21T10:56:19","slug":"the-52nd-hungarian-congress-dr-balogh-balazs","status":"publish","type":"post","link":"https:\/\/hungarianassociation.com\/en\/2012\/the-52nd-hungarian-congress-dr-balogh-balazs\/","title":{"rendered":"The 52nd Hungarian Congress &#8211; Dr. Balogh Bal\u00e1zs"},"content":{"rendered":"<figure id=\"attachment_337\" aria-describedby=\"caption-attachment-337\" style=\"width: 192px\" class=\"wp-caption alignleft\"><img fetchpriority=\"high\" decoding=\"async\" class=\"wp-image-337 size-full\" style=\"margin-right: 20px;\" src=\"https:\/\/hungarianassociation.com\/wp-content\/uploads\/2014\/09\/Dr.-Balogh-Bal\u00e1zs.png\" alt=\"Dr. Balogh Bal\u00e1zs\" width=\"192\" height=\"283\" srcset=\"https:\/\/hungarianassociation.com\/wp-content\/uploads\/2014\/09\/Dr.-Balogh-Bal\u00e1zs.png 192w, https:\/\/hungarianassociation.com\/wp-content\/uploads\/2014\/09\/Dr.-Balogh-Bal\u00e1zs-132x195.png 132w\" sizes=\"(max-width: 192px) 100vw, 192px\" \/><figcaption id=\"caption-attachment-337\" class=\"wp-caption-text\">Dr. Balogh Bal\u00e1zs<\/figcaption><\/figure>\n<h1 style=\"text-align: center;\"><\/h1>\n<h1 style=\"text-align: center;\"><\/h1>\n<h1 style=\"text-align: center;\">Dr. Balogh Bal\u00e1zs<\/h1>\n<address style=\"text-align: center;\">n\u00e9prajzkutat\u00f3,<br \/>\naz MTA B\u00f6lcs\u00e9szettudom\u00e1nyi Kutat\u00f3k\u00f6zpont igazgat\u00f3helyettese<br \/>\n\u00e9s az MTA BTK N\u00e9prajztudom\u00e1nyi Int\u00e9zet\u00e9nek igazgat\u00f3ja<\/address>\n<p>&nbsp;<\/p>\n<p>&nbsp;<\/p>\n<blockquote><p>\u201eMikor a m\u00e1jner megyen a munk\u00e1ba\u201d \u2013 Az amerikai\u00a0magyar b\u00e1ny\u00e1szk\u00f6z\u00f6ss\u00e9gek 20. sz\u00e1zad eleji\u00a0\u00e9letm\u00f3dj\u00e1nak bemutat\u00e1sa\u201d<\/p><\/blockquote>\n<h2><\/h2>\n<h2><\/h2>\n<h2><\/h2>\n<p>&nbsp;<\/p>\n<p>&nbsp;<\/p>\n<p>&nbsp;<\/p>\n<h2>AZ EL\u0150AD\u00c1SR\u00d3L:<\/h2>\n<p>Az el\u0151ad\u00e1s a Nyugat-pennsylvania-i egykori magyar b\u00e1ny\u00e1szk\u00f6z\u00f6ss\u00e9gek k\u00f6r\u00e9ben v\u00e9gzett t\u00e1rsadalomn\u00e9prajzi terepmunka eredm\u00e9nyeit mutatja be. Az amerikai magyar arch\u00edvumok lev\u00e9lt\u00e1ri anyagait, az adatk\u00f6zl\u0151k csal\u00e1di dokumentumait is felhaszn\u00e1lva sz\u00e1mol be arr\u00f3l a konkr\u00e9t magyar b\u00e1ny\u00e1szh\u00e1znak a megtal\u00e1l\u00e1s\u00e1r\u00f3l, felm\u00e9r\u00e9s\u00e9r\u0151l \u00e9s berendez\u00e9s\u00e9nek a Szentendrei Szabadt\u00e9ri N\u00e9prajzi M\u00fazeumba val\u00f3 \u00e1tsz\u00e1ll\u00edt\u00e1s\u00e1r\u00f3l, amely a 20. sz\u00e1zad eleji magyar b\u00e1ny\u00e1szk\u00f6z\u00f6ss\u00e9gek \u00e9letm\u00f3dj\u00e1t val\u00f3ban hitelesen jelen\u00edtheti meg.<\/p>\n<h2>AZ EL\u0150AD\u00d3R\u00d3L:<\/h2>\n<p>Dr. Balogh Bal\u00e1zs n\u00e9prajz \u00e9s magyar nyelv \u00e9s irodalom szakon v\u00e9gzett az ELTE-n. PhD diplom\u00e1j\u00e1t2001-ben szerezte az ELTE BTK T\u00e1rgyi N\u00e9prajzi Tansz\u00e9k Eur\u00f3pai Etnol\u00f3gia doktori programban. 1991\/92 M\u00fcnchenben a Bajor Kultuszminiszt\u00e9rium Kutat\u00f3i \u00d6szt\u00f6nd\u00edj\u00e1val; 1992\/93 B\u00e9csben Herder \u00d6szt\u00f6nd\u00edjjal;1995 2 h\u00f3napot Soros \u00d6szt\u00f6nd\u00edjjal Cambridgeben tart\u00f3zkodott. 2006-2008-ban a HAESF Senior Fellow \u00f6szt\u00f6ndij\u00e1val a midwesti magyarok k\u00f6r\u00e9ben v\u00e9gzett kiterjedt terepmunk\u00e1t. 2000-ben Jank\u00f3 J\u00e1nos-d\u00edjat kapott; 2002-2005-ben Bolyai J\u00e1nos Kutat\u00f3 \u00d6szt\u00f6nd\u00edjban r\u00e9szes\u00fclt. Jelenleg a Nemzeti Kultur\u00e1lis Alap K\u00f6zm\u0171vel\u0151d\u00e9s \u00e9s N\u00e9pm\u0171v\u00e9szet Koll\u00e9giuma eln\u00f6ke.<img decoding=\"async\" class=\"alignright wp-image-338 size-full\" src=\"https:\/\/hungarianassociation.com\/wp-content\/uploads\/2014\/09\/neprajztudomanyi-intezet.png\" alt=\"neprajztudomanyi-intezet\" width=\"318\" height=\"104\" srcset=\"https:\/\/hungarianassociation.com\/wp-content\/uploads\/2014\/09\/neprajztudomanyi-intezet.png 318w, https:\/\/hungarianassociation.com\/wp-content\/uploads\/2014\/09\/neprajztudomanyi-intezet-300x98.png 300w, https:\/\/hungarianassociation.com\/wp-content\/uploads\/2014\/09\/neprajztudomanyi-intezet-195x63.png 195w\" sizes=\"(max-width: 318px) 100vw, 318px\" \/><\/p>\n","protected":false},"excerpt":{"rendered":"<p>Dr. Balogh Bal\u00e1zs n\u00e9prajzkutat\u00f3, az MTA B\u00f6lcs\u00e9szettudom\u00e1nyi Kutat\u00f3k\u00f6zpont igazgat\u00f3helyettese \u00e9s az MTA BTK N\u00e9prajztudom\u00e1nyi Int\u00e9zet\u00e9nek igazgat\u00f3ja &nbsp; &nbsp; \u201eMikor a m\u00e1jner megyen a munk\u00e1ba\u201d \u2013 Az amerikai\u00a0magyar b\u00e1ny\u00e1szk\u00f6z\u00f6ss\u00e9gek 20. sz\u00e1zad eleji\u00a0\u00e9letm\u00f3dj\u00e1nak bemutat\u00e1sa\u201d &nbsp; &nbsp; &nbsp; AZ EL\u0150AD\u00c1SR\u00d3L: Az el\u0151ad\u00e1s a Nyugat-pennsylvania-i egykori magyar b\u00e1ny\u00e1szk\u00f6z\u00f6ss\u00e9gek k\u00f6r\u00e9ben v\u00e9gzett t\u00e1rsadalomn\u00e9prajzi terepmunka eredm\u00e9nyeit mutatja be. Az amerikai magyar arch\u00edvumok [&hellip;]<\/p>\n","protected":false},"author":6,"featured_media":342,"comment_status":"open","ping_status":"closed","sticky":false,"template":"","format":"standard","meta":{"inline_featured_image":false,"ngg_post_thumbnail":0,"footnotes":""},"categories":[74,73],"tags":[321,41,320,318],"class_list":["post-341","post","type-post","status-publish","format-standard","has-post-thumbnail","hentry","category-2012-archive","category-archive","tag-2012-archivum","tag-cleveland","tag-hungarian-congress","tag-speakers"],"_links":{"self":[{"href":"https:\/\/hungarianassociation.com\/en\/wp-json\/wp\/v2\/posts\/341","targetHints":{"allow":["GET"]}}],"collection":[{"href":"https:\/\/hungarianassociation.com\/en\/wp-json\/wp\/v2\/posts"}],"about":[{"href":"https:\/\/hungarianassociation.com\/en\/wp-json\/wp\/v2\/types\/post"}],"author":[{"embeddable":true,"href":"https:\/\/hungarianassociation.com\/en\/wp-json\/wp\/v2\/users\/6"}],"replies":[{"embeddable":true,"href":"https:\/\/hungarianassociation.com\/en\/wp-json\/wp\/v2\/comments?post=341"}],"version-history":[{"count":8,"href":"https:\/\/hungarianassociation.com\/en\/wp-json\/wp\/v2\/posts\/341\/revisions"}],"predecessor-version":[{"id":350,"href":"https:\/\/hungarianassociation.com\/en\/wp-json\/wp\/v2\/posts\/341\/revisions\/350"}],"wp:featuredmedia":[{"embeddable":true,"href":"https:\/\/hungarianassociation.com\/en\/wp-json\/wp\/v2\/media\/342"}],"wp:attachment":[{"href":"https:\/\/hungarianassociation.com\/en\/wp-json\/wp\/v2\/media?parent=341"}],"wp:term":[{"taxonomy":"category","embeddable":true,"href":"https:\/\/hungarianassociation.com\/en\/wp-json\/wp\/v2\/categories?post=341"},{"taxonomy":"post_tag","embeddable":true,"href":"https:\/\/hungarianassociation.com\/en\/wp-json\/wp\/v2\/tags?post=341"}],"curies":[{"name":"wp","href":"https:\/\/api.w.org\/{rel}","templated":true}]}}