{"id":606,"date":"2012-10-10T04:34:11","date_gmt":"2012-10-10T10:34:11","guid":{"rendered":"https:\/\/www.hungarianassociation.com\/site\/?p=606"},"modified":"2021-03-20T14:01:27","modified_gmt":"2021-03-20T20:01:27","slug":"the-52nd-hungarian-congress-newsletter","status":"publish","type":"post","link":"https:\/\/hungarianassociation.com\/en\/2012\/the-52nd-hungarian-congress-newsletter\/","title":{"rendered":"The 52nd Hungarian Congress &#8212; Newsletter"},"content":{"rendered":"<h1 style=\"text-align: center;\">Theme of the 2012 Congress: \u201cEmbracing our Hungarian cultural heritage\u201d<\/h1>\n<h2>Embracing our Hungarian Cultural Heritage<\/h2>\n<p style=\"text-align: justify;\">We invite all interested members of the community to the 52nd Hungarian As-sociation Conference to be held on No-vember 23-25th at the Hilton Garden Inn in downtown Cleveland. Featured events of the Conference are the Friday night Lit-erary and Artistic program with classical guitarist, Jozsef Halajko, a graduate of the Franz Liszt Academy of Music and the Boston Conservatory, and flutist Gabor Simonfalvi, a graduate of the B\u00e9la Bartok Music Conservatory in Budapest.<\/p>\n<p style=\"text-align: justify;\">Saturday night we will be celebrating and honoring our \u00c1rp\u00e1d Society recipients, Miklos Peller and Maximillian Teleki at the Hungarian Association Ball. Both are dedicated Hungarian Americans who serve the community in an exemplary fashion.<\/p>\n<p style=\"text-align: justify;\">Mr. Miklos Peller had spearheaded the request for the reopening of Cleveland&#8217;s St. Emeric&#8217;s Catholic Church. It was a 40 month long struggle. His patience and per-severance and well as his faith in the resto-ration of a Hungarian Catholic parish are commendable and of great service to the Hungarian Catholic community.<\/p>\n<p style=\"text-align: justify;\">We would also like to honor Maximillian Teleki, President of the Hungarian American Coali-tion. As President of the Coali-tion, he not only considers the welfare of the Hungarian Ameri-can community but is also able to coordinate meetings for Hun-garian representatives, artists, musicians, authors, and educa-tors from Hungary who wish to interface with their American counterparts.<\/p>\n<p style=\"text-align: justify;\">We commend the high pro-file of the Hungarian American Coalition and salute their contri-butions to scholarships and Hu-man Rights Advocacy as well as being instrumental in securing the Visa Waiver program for Hungarians visiting the United States. Join us on November 24th for lunch as Max Teleki recounts his expe-riences as President of the Hungarian American Coalition (HAC), Board Member of the Tom Lantos Institute (TLI), and Board Member of the Inter-national Center for Democratic Transi-tion (ICDT). He will outline Hungary&#8217;s role as seen from these perspectives and update us on Hungary&#8217;s future pro-spects in his speech titled: \u201cWhy \u2018Em-bracing our Hungarian Cultural Herit-age\u2019 Matters in 2012 and Beyond.\u201d<\/p>\n<p style=\"text-align: justify;\">The weekend will feature a series of lectures and films tying into our theme of \u201cEmbracing our Hungarian Cultural Heritage.\u201d One lecture of spe-cial interest will be the preservation of a miner&#8217;s home in Vintondale, Pennsyl-vania, that was recently purchased by the \u201cHungarian Ethnographic Outdoor Museum at St. Endr\u00e9d.\u201d It was a daunt-ing process to catalogue everything in this home, untouched since the turn of the past century.<\/p>\n<p style=\"text-align: justify;\">Pursuing this theme we would like to explore the Hungarian cultural herit-age in areas outside the borders of Hungary during the Saturday morning, November 24th round table discussion. Hungarian minorities have had to struggle to maintain their identity and have contributed greatly to the devel-opment and dissemination of Hungari-an self- awareness. Many recounts of their struggles are still oral history and\u00a0we hope all participants will share their family history. The roundtable discussion will be held in English and Hungarian. Come join us in \u201cBreaking the Silence.\u201d<\/p>\n<p><img fetchpriority=\"high\" decoding=\"async\" class=\"size-full wp-image-609 aligncenter\" src=\"https:\/\/hungarianassociation.com\/wp-content\/uploads\/2014\/10\/breaking_silence.png\" alt=\"breaking_silence\" width=\"532\" height=\"665\" srcset=\"https:\/\/hungarianassociation.com\/wp-content\/uploads\/2014\/10\/breaking_silence.png 532w, https:\/\/hungarianassociation.com\/wp-content\/uploads\/2014\/10\/breaking_silence-240x300.png 240w, https:\/\/hungarianassociation.com\/wp-content\/uploads\/2014\/10\/breaking_silence-156x195.png 156w, https:\/\/hungarianassociation.com\/wp-content\/uploads\/2014\/10\/breaking_silence-100x125.png 100w, https:\/\/hungarianassociation.com\/wp-content\/uploads\/2014\/10\/breaking_silence-225x281.png 225w\" sizes=\"(max-width: 532px) 100vw, 532px\" \/><\/p>\n<p style=\"text-align: justify;\">During the weekend we will feature an exhibit of ceramics of religious subject matter revived through native folk art by Cs\u00e1ngo Hungarian artist M\u00e1ria Petr\u00e1s. The exhibit room will also have books, ceramics, paintings and items from the Hungarian Heritage Museum of Cleve-land on sale<\/p>\n<p style=\"text-align: justify;\">Friday night, November 23rd, J\u00e1nos Nadas and Gyula Kozmon will host a young adult art show featuring works by area Hungarian American Artists. We are still accepting artist applications, so please apply by writing to magyartarsasag@nadas.org.<\/p>\n<p style=\"text-align: justify;\">We will carry out our theme of em-bracing our Hungarian cultural heritage by ending the Saturday luncheon with a fashion show of Hungarian folk costumes and modern day pieces that reflect this tradition. If you would like to model, or are willing to loan blouses, skirts, scarves or vests for this presentation, please con-tact us at magyartarsasag@nadas.org or call Vali after 6 pm at 216-651-4929.<\/p>\n<p style=\"text-align: justify;\">Our Hungarian Conference promises to be a reaffirmation of our Hungarian roots, culture and traditions. Come join us, meet new people, share your ideas and join our community. Hoping to see you in November.<\/p>\n<p style=\"text-align: right;\"><em>\u2012 Dr. John Nadas, President<\/em><\/p>\n","protected":false},"excerpt":{"rendered":"<p>Theme of the 2012 Congress: \u201cEmbracing our Hungarian cultural heritage\u201d Embracing our Hungarian Cultural Heritage We invite all interested members of the community to the 52nd Hungarian As-sociation Conference to be held on No-vember 23-25th at the Hilton Garden Inn in downtown Cleveland. Featured events of the Conference are the Friday night Lit-erary and Artistic [&hellip;]<\/p>\n","protected":false},"author":6,"featured_media":201,"comment_status":"closed","ping_status":"closed","sticky":false,"template":"","format":"standard","meta":{"inline_featured_image":false,"ngg_post_thumbnail":0,"footnotes":""},"categories":[84],"tags":[321,320,34],"class_list":["post-606","post","type-post","status-publish","format-standard","has-post-thumbnail","hentry","category-e2012","tag-2012-archivum","tag-hungarian-congress","tag-newsletter"],"_links":{"self":[{"href":"https:\/\/hungarianassociation.com\/en\/wp-json\/wp\/v2\/posts\/606","targetHints":{"allow":["GET"]}}],"collection":[{"href":"https:\/\/hungarianassociation.com\/en\/wp-json\/wp\/v2\/posts"}],"about":[{"href":"https:\/\/hungarianassociation.com\/en\/wp-json\/wp\/v2\/types\/post"}],"author":[{"embeddable":true,"href":"https:\/\/hungarianassociation.com\/en\/wp-json\/wp\/v2\/users\/6"}],"replies":[{"embeddable":true,"href":"https:\/\/hungarianassociation.com\/en\/wp-json\/wp\/v2\/comments?post=606"}],"version-history":[{"count":1,"href":"https:\/\/hungarianassociation.com\/en\/wp-json\/wp\/v2\/posts\/606\/revisions"}],"predecessor-version":[{"id":610,"href":"https:\/\/hungarianassociation.com\/en\/wp-json\/wp\/v2\/posts\/606\/revisions\/610"}],"wp:featuredmedia":[{"embeddable":true,"href":"https:\/\/hungarianassociation.com\/en\/wp-json\/wp\/v2\/media\/201"}],"wp:attachment":[{"href":"https:\/\/hungarianassociation.com\/en\/wp-json\/wp\/v2\/media?parent=606"}],"wp:term":[{"taxonomy":"category","embeddable":true,"href":"https:\/\/hungarianassociation.com\/en\/wp-json\/wp\/v2\/categories?post=606"},{"taxonomy":"post_tag","embeddable":true,"href":"https:\/\/hungarianassociation.com\/en\/wp-json\/wp\/v2\/tags?post=606"}],"curies":[{"name":"wp","href":"https:\/\/api.w.org\/{rel}","templated":true}]}}